[{"@context":"https:\/\/schema.org\/","@type":"Article","@id":"https:\/\/www.dvkk.cz\/elektricky-paralyzer\/#Article","mainEntityOfPage":"https:\/\/www.dvkk.cz\/elektricky-paralyzer\/","headline":"Elektrick\u00fd paralyz\u00e9r","name":"Elektrick\u00fd paralyz\u00e9r","description":"M\u011bli byste vyu\u017e\u00edt toho, \u017ee v\u00e1m legislativa v \u010cR umo\u017e\u0148uje tohle m\u00edt u sebe. Ne v\u0161echny st\u00e1ty tohle maj\u00ed tak\u00e9 povolen\u00e9. Proto je d\u016fle\u017eit\u00e9, abyste na to nezapomn\u011bli a vybrali si opravdu d\u016fle\u017eitou sou\u010d\u00e1st, kter\u00e1 v\u00e1m pom\u016f\u017ee ut\u00e9ct od pachatele nebo alespo\u0148 p\u0159ivolat pomoc. Budete m\u00edt alespo\u0148 n\u011bjakou \u0161anci se vymanit ze sev\u0159en\u00ed, proto\u017ee doty\u010dn\u00fd [&hellip;]","datePublished":"2018-01-18","dateModified":"2018-01-18","author":{"@type":"Person","@id":"https:\/\/www.dvkk.cz\/author\/#Person","name":"","url":"https:\/\/www.dvkk.cz\/author\/","identifier":1,"image":{"@type":"ImageObject","@id":"https:\/\/secure.gravatar.com\/avatar\/a1f3afbcba6a2c855138f9932fa7e5ab7d93bdcdef3da88e8b7e3a89881e43e8?s=96&d=mm&r=g","url":"https:\/\/secure.gravatar.com\/avatar\/a1f3afbcba6a2c855138f9932fa7e5ab7d93bdcdef3da88e8b7e3a89881e43e8?s=96&d=mm&r=g","height":96,"width":96}},"publisher":{"@type":"Organization","name":"dvkk.cz","logo":{"@type":"ImageObject","@id":"\/logo.png","url":"\/logo.png","width":600,"height":60}},"image":{"@type":"ImageObject","@id":"https:\/\/www.dvkk.cz\/wp-content\/uploads\/img_a309004_w1967_t1519999685.jpg","url":"https:\/\/www.dvkk.cz\/wp-content\/uploads\/img_a309004_w1967_t1519999685.jpg","height":0,"width":0},"url":"https:\/\/www.dvkk.cz\/elektricky-paralyzer\/","about":["Nakupov\u00e1n\u00ed"],"wordCount":453,"articleBody":"M\u011bli byste vyu\u017e\u00edt toho, \u017ee v\u00e1m legislativa v \u010cR umo\u017e\u0148uje tohle m\u00edt u sebe. Ne v\u0161echny st\u00e1ty tohle maj\u00ed tak\u00e9 povolen\u00e9. Proto je d\u016fle\u017eit\u00e9, abyste na to nezapomn\u011bli a vybrali si opravdu d\u016fle\u017eitou sou\u010d\u00e1st, kter\u00e1 v\u00e1m pom\u016f\u017ee ut\u00e9ct od pachatele nebo alespo\u0148 p\u0159ivolat pomoc. Budete m\u00edt alespo\u0148 n\u011bjakou \u0161anci se vymanit ze sev\u0159en\u00ed, proto\u017ee doty\u010dn\u00fd bude v \u0161oku. To v\u00e1m d\u00e1 to nejd\u016fle\u017eit\u011bj\u0161\u00ed a to je \u010das, abyste mohli ut\u00e9ct. Budete jist\u011b velice nad\u0161en\u00ed a v\u0161echno bude skv\u011bl\u00e9. Sv\u00edtilna s paralyz\u00e9rem jist\u011b bude to prav\u00e9 o\u0159echov\u00e9 pro v\u00e1s. Budete nad\u0161en\u00ed. Budete spokojen\u00ed. Rozhodn\u011bte se t\u0159eba hned. Je to dobr\u00fd n\u00e1pad. Za tak m\u00e1lo pen\u011bz budete m\u00edt to nejd\u016fle\u017eit\u011bj\u0161\u00ed a to je alespo\u0148 jistota. Nebudete se tak b\u00e1t. Je d\u016fle\u017eit\u00e9 tohle d\u00e1 t\u0159eba svoj\u00ed partnerce, proto\u017ee je jasn\u00e9, \u017ee nem\u016f\u017eete b\u00fdt po jej\u00edm boku dvacet \u010dty\u0159i hodin denn\u011b, proto je velice d\u016fle\u017eit\u00e9, abyste pr\u00e1v\u011b tohle pochopili a vybrali si stoprocentn\u011b to nejlep\u0161\u00ed a to je paralyz\u00e9r a darovali to svoj\u00ed sle\u010dn\u011b. I sle\u010dna bude m\u00e1t v\u011bt\u0161\u00ed jistotu a nebude se tolik b\u00e1t, kdy\u017e bude v\u011bd\u011bt, \u017ee m\u00e1 u sebe n\u011bco, co j\u00ed pom\u016f\u017ee. Mal\u00e9 rozm\u011bry Je to opravdu malink\u00e9, tak\u017ee si to snadno schov\u00e1te do kapsy a v\u0161echno dopadne opravdu dob\u0159e. Nemus\u00edte to nikdy po\u017e\u00edt, ale nejhor\u0161\u00ed by bylo, kdyby se v\u00e1m opravdu n\u011bco p\u0159ihodilo, a vy jste u sebe nic nem\u011bli. Pak byste toho mohli litovat a to je \u0161koda. P\u0159\u00e1li bychom v\u00e1m, abyste jej nikdy pou\u017e\u00edt nemuseli, ale pro p\u0159\u00edpad nouze je v\u017edy dobr\u00e9 m\u00edt n\u011bjak\u00e9 to eso v ruk\u00e1vu, proto\u017ee je v\u017edy nejlep\u0161\u00ed po\u010d\u00edtat s t\u00edm nejhor\u0161\u00edm a b\u00fdt na to pat\u0159i\u010dn\u011b p\u0159ipraven\u00ed. Tohle se v\u00e1m bude jist\u011b hodit, to je v\u00edce ne\u017e jasn\u00e9. Rozhodn\u011bte se je\u0161t\u011b dneska a budete jist\u011b velice nad\u0161en\u00ed a budete spokojen\u00ed. Ur\u010dit\u011b je to v\u0161echno skv\u011bl\u00e9 a m\u011bli byste na tohle v\u0161echno myslet. Uvid\u00edte sami, co v\u0161echno bude ve va\u0161ich mo\u017enostech. M\u016f\u017eete si objednat \u0159\u00b4t\u0159eba i \u010dist\u011b \u017eenskou variantu. Vypad\u00e1 to jako deodorant, tak\u017ee ani nikdo nepozn\u00e1, co vlastn\u011b m\u00e1te. Sou\u010d\u00e1st\u00ed je i sv\u00edtilna, tak uvid\u00edte i na cestu.                                                                                                                                                                                                                                                                                                                                                                                         5\/5 - (4 votes)        "},{"@context":"https:\/\/schema.org\/","@type":"BreadcrumbList","itemListElement":[{"@type":"ListItem","position":1,"name":"Elektrick\u00fd paralyz\u00e9r","item":"https:\/\/www.dvkk.cz\/elektricky-paralyzer\/#breadcrumbitem"}]}]