[{"@context":"https:\/\/schema.org\/","@type":"Article","@id":"https:\/\/www.dvkk.cz\/jak-jsem-prosla-promenou-a-stala-se-trochu-jinou-zenou\/#Article","mainEntityOfPage":"https:\/\/www.dvkk.cz\/jak-jsem-prosla-promenou-a-stala-se-trochu-jinou-zenou\/","headline":"Jak jsem pro\u0161la prom\u011bnou a stala se trochu jinou \u017eenou","name":"Jak jsem pro\u0161la prom\u011bnou a stala se trochu jinou \u017eenou","description":"Ji\u017e del\u0161\u00ed dobu jsem p\u0159em\u00fd\u0161lela o zm\u011bn\u011b, ale nedost\u00e1valo se mi odvahy. Nehled\u011b na to, \u017ee man\u017eel up\u0159ednost\u0148oval blond\u00fdnu a j\u00e1 roky spl\u0148ovala jeho p\u0159\u00e1n\u00ed. Nec\u00edtila jsem se v tom dob\u0159e, ale odvaha chyb\u011bla. Asi ne n\u00e1hodou jsem objevila \u010dl\u00e1nek zn\u00e1m\u00e9ho kade\u0159nick\u00e9ho salonu se sout\u011b\u017e\u00ed, kter\u00fd vyz\u00fdval \u017eeny k odvaze a prom\u011bn\u011b jejich viz\u00e1\u017ee. \u010cl\u00e1nek [&hellip;]","datePublished":"2025-06-25","dateModified":"2025-06-25","author":{"@type":"Person","@id":"https:\/\/www.dvkk.cz\/author\/#Person","name":"","url":"https:\/\/www.dvkk.cz\/author\/","identifier":1,"image":{"@type":"ImageObject","@id":"https:\/\/secure.gravatar.com\/avatar\/a1f3afbcba6a2c855138f9932fa7e5ab7d93bdcdef3da88e8b7e3a89881e43e8?s=96&d=mm&r=g","url":"https:\/\/secure.gravatar.com\/avatar\/a1f3afbcba6a2c855138f9932fa7e5ab7d93bdcdef3da88e8b7e3a89881e43e8?s=96&d=mm&r=g","height":96,"width":96}},"publisher":{"@type":"Organization","name":"dvkk.cz","logo":{"@type":"ImageObject","@id":"\/logo.png","url":"\/logo.png","width":600,"height":60}},"image":{"@type":"ImageObject","@id":"https:\/\/www.dvkk.cz\/wp-content\/uploads\/img_a312322_w2307_t1523340202.jpg","url":"https:\/\/www.dvkk.cz\/wp-content\/uploads\/img_a312322_w2307_t1523340202.jpg","height":0,"width":0},"url":"https:\/\/www.dvkk.cz\/jak-jsem-prosla-promenou-a-stala-se-trochu-jinou-zenou\/","wordCount":703,"articleBody":"Ji\u017e del\u0161\u00ed dobu jsem p\u0159em\u00fd\u0161lela o zm\u011bn\u011b, ale nedost\u00e1valo se mi odvahy. Nehled\u011b na to, \u017ee man\u017eel up\u0159ednost\u0148oval blond\u00fdnu a j\u00e1 roky spl\u0148ovala jeho p\u0159\u00e1n\u00ed. Nec\u00edtila jsem se v tom dob\u0159e, ale odvaha chyb\u011bla.  Asi ne n\u00e1hodou jsem objevila \u010dl\u00e1nek zn\u00e1m\u00e9ho kade\u0159nick\u00e9ho salonu se sout\u011b\u017e\u00ed, kter\u00fd vyz\u00fdval \u017eeny k odvaze a prom\u011bn\u011b jejich viz\u00e1\u017ee. \u010cl\u00e1nek jsem dala stranou, ale \u010derv\u00ed\u010dek u\u017e hlodal. Posledn\u00ed den mo\u017en\u00e9ho p\u0159ihl\u00e1\u0161en\u00ed jsem sedla k po\u010d\u00edta\u010di, sepsala kr\u00e1tkou motivaci, p\u0159ilo\u017eila fotografii a odeslala. D\u011bj se v\u016fle Bo\u017e\u00ed. Jak\u00e1 byla m\u00e1 radost, kdy\u017e mi za p\u00e1r dn\u016f telefonovali, \u017ee jsem mezi vybranou \u0161estic\u00ed \u017een, kter\u00e9 se odhodlaly ke zm\u011bn\u011b! A\u017e tehdy mi do\u0161lo, \u017ee budu v \u010dasopise a \u017ee m\u011b leckdo z bl\u00edzk\u00e9ho okol\u00ed pozn\u00e1. Asi p\u0159irozen\u011b p\u0159i\u0161ly obavy. Nedalo se ale u\u017e nic d\u011blat a couvnout jsem necht\u011bla. P\u0159i\u0161el den \u201eD\u201c a rozjela jsem se do kade\u0159nick\u00e9ho studia. Byla jsem p\u0159ekvapena p\u00e9\u010di, kterou jsem dosud nepoznala. A v\u00fdsledek n\u011bkolikahodinov\u00e9ho stylingu? Byl v\u00edce ne\u017e p\u0159ekvapiv\u00fd.  P\u0159i kosmetick\u00e9m o\u0161et\u0159en\u00ed v\u010detn\u011b peelingu a mas\u00e1\u017ee cel\u00e9ho t\u011bla jsem si u\u017e\u00edvala t\u00e9m\u011b\u0159 dvouhodinov\u00e9ho relaxu. Velkou zm\u011bnou pro m\u011b byl \u00fa\u010des, nedovedla jsem si p\u0159edstavit, co z kr\u00e1tk\u00fdch vlas\u016f kade\u0159nice m\u016f\u017ee vykouzlit, ale v\u00fdsledek p\u0159ed\u010dil m\u00e9 o\u010dek\u00e1v\u00e1n\u00ed. S nov\u00fdm \u00fa\u010desem jsem se okam\u017eit\u011b s\u017eila a c\u00edt\u00edm se v n\u011bm skv\u011ble. Odjela jsem dom\u016f naprosto jin\u00e1 \u201enavenek\u201c. Do dne\u0161n\u00edho dne obdivuji man\u017eela, \u017ee prom\u011bnu zvl\u00e1dl. Mo\u017en\u00e1 to pro n\u011bho byla v\u011bt\u0161\u00ed zm\u011bna, ne\u017e tehdy pro mne. Dal\u0161\u00edm krokem byla n\u00e1v\u0161t\u011bva m\u00f3dn\u00edho domu se stylistkou. Na to, \u017ee nem\u00e1m r\u00e1da n\u00e1kupy, jsem zcela propadla p\u00e9\u010di stylistky Lindy, kter\u00e1 m\u011b neust\u00e1le z\u00e1sobovala oble\u010den\u00edm. T\u00e9m\u011b\u0159 jsem si p\u0159ipadala jako Vivian v Pretty Woman. Tak obletovan\u00e1, tak v oblac\u00edch, tak \u017e\u00e1douc\u00ed. Je \u00fa\u017easn\u00fd luxus b\u00fdt obletovan\u00e1. Focen\u00ed pro m\u011b u\u017e takov\u00fdm relaxem, mus\u00edm se p\u0159iznat, nebylo, i kdy\u017e fotograf ze m\u011b dok\u00e1zal vydob\u00fdt i \u00fasm\u011bv. Nejsem extrovert, c\u00edt\u00edm se l\u00e9pe v soukrom\u00ed, neum\u00edm b\u00fdt st\u0159edem pozornosti, ale dala jsem se na vojnu, musela jsem na plac! A co mi Prom\u011bny daly? Krom v\u00fdhry novou zku\u0161enost a pozn\u00e1n\u00ed, \u017ee i ve v\u011bku 50+, kdy d\u011bti opou\u0161t\u011bj\u00ed rodn\u00e9 hn\u00edzdo, je \u010das na zm\u011bnu, je povzbuzuj\u00edc\u00ed vystoupit ze stereotypu a za\u010d\u00edt d\u011blat v\u011bci, kter\u00e9 mne bav\u00ed, zaj\u00edmaj\u00ed, naj\u00edt si prost\u011b \u010das a chv\u00edli jen a jen pro sebe. Musela jsem si po\u010dkat p\u00e1r let na Prom\u011bny, abych dostala odvahu ke zm\u011bn\u011b. Mohlo by se zd\u00e1t, \u017ee se a\u017e tak moc nezm\u011bnilo, zm\u011bnil se vn\u011bj\u0161ek, vnit\u0159ek z\u016fst\u00e1v\u00e1 stejn\u00fd, ale i ten tak\u00e9 u\u017e sm\u011b\u0159uje postupn\u011b ke zm\u011bn\u011b\u2026  V\u0161echno se v\u0161\u00edm souvis\u00ed.  Zprvu jsem m\u011bla plan\u00e9 obavy \u2013 st\u00e1lo mi to za to? Nen\u00ed to nicotn\u00e9, malichern\u00e9? Pomohla mi kamar\u00e1dka. Prost\u011b mi \u0159ekla: \u201eC\u00edt\u00ed\u0161 se v tom dob\u0159e? Tak to ne\u0159e\u0161!\u201c Proto &#8211; mil\u00e9 \u017eeny, m\u00e1te-li pocit, \u017ee p\u0159i\u0161el \u010das na zm\u011bnu, nebojte se vstoupit do prom\u011bny a\u0165 sama \u010di s profesion\u00e1ly. Pokud c\u00edt\u00edte, \u017ee je \u010das n\u011bco zm\u011bnit, ud\u011blejte to! Poslouchejte sv\u00e9 pocity a \u0159i\u010fte se jimi. Jen vy samy v\u00edte, co je pro v\u00e1s spr\u00e1vn\u00e9. Najd\u011bte si \u010das na sebe, kr\u00e1sa nen\u00ed jen kli\u0161\u00e9, kr\u00e1sa m\u016f\u017ee b\u00fdt v n\u00e1s, ale i navenek. Kr\u00e1sa nen\u00ed to, za\u010d bychom se m\u011bly styd\u011bt, n\u011bkdy ji sta\u010d\u00ed jen probudit.                                                                                                                                                                                                                                                                                                                                                                                         4.3\/5 - (6 votes)        "},{"@context":"https:\/\/schema.org\/","@type":"BreadcrumbList","itemListElement":[{"@type":"ListItem","position":1,"name":"Jak jsem pro\u0161la prom\u011bnou a stala se trochu jinou \u017eenou","item":"https:\/\/www.dvkk.cz\/jak-jsem-prosla-promenou-a-stala-se-trochu-jinou-zenou\/#breadcrumbitem"}]}]