[{"@context":"https:\/\/schema.org\/","@type":"Article","@id":"https:\/\/www.dvkk.cz\/jak-usnadnit-praci-bytovym-architektum\/#Article","mainEntityOfPage":"https:\/\/www.dvkk.cz\/jak-usnadnit-praci-bytovym-architektum\/","headline":"Jak usnadnit pr\u00e1ci bytov\u00fdm architekt\u016fm","name":"Jak usnadnit pr\u00e1ci bytov\u00fdm architekt\u016fm","description":"M\u00e1te v \u00famyslu zm\u011bnit vnit\u0159n\u00ed dispozici va\u0161eho domu a po\u0159\u00eddit nov\u00e9 vybaven\u00ed n\u00e1bytkem a dom\u00e1c\u00edmi spot\u0159ebi\u010di, podlahov\u00fdmi krytinami a bytov\u00fdmi dopl\u0148ky? Budete si naj\u00edmat pro n\u00e1vrh vhodn\u00e9ho \u0159e\u0161en\u00ed bytov\u00e9ho architekta? Pak byste mu mohli j\u00edt obrazn\u011b \u0159e\u010deno naproti se sv\u00fdmi rozumn\u00fdmi po\u017eadavky: Vzdu\u0161nost versus prakti\u010dnost \u2013 bytov\u00ed architekti By design v\u00e1m mohou navrhnout, abyste vestav\u011bnou [&hellip;]","datePublished":"2022-12-02","dateModified":"2022-12-02","author":{"@type":"Person","@id":"https:\/\/www.dvkk.cz\/author\/#Person","name":"","url":"https:\/\/www.dvkk.cz\/author\/","identifier":1,"image":{"@type":"ImageObject","@id":"https:\/\/secure.gravatar.com\/avatar\/a1f3afbcba6a2c855138f9932fa7e5ab7d93bdcdef3da88e8b7e3a89881e43e8?s=96&d=mm&r=g","url":"https:\/\/secure.gravatar.com\/avatar\/a1f3afbcba6a2c855138f9932fa7e5ab7d93bdcdef3da88e8b7e3a89881e43e8?s=96&d=mm&r=g","height":96,"width":96}},"publisher":{"@type":"Organization","name":"dvkk.cz","logo":{"@type":"ImageObject","@id":"\/logo.png","url":"\/logo.png","width":600,"height":60}},"image":{"@type":"ImageObject","@id":"https:\/\/www.dvkk.cz\/wp-content\/uploads\/kitchen-gb91049649_640.jpg","url":"https:\/\/www.dvkk.cz\/wp-content\/uploads\/kitchen-gb91049649_640.jpg","height":0,"width":0},"url":"https:\/\/www.dvkk.cz\/jak-usnadnit-praci-bytovym-architektum\/","about":["Byt"],"wordCount":412,"articleBody":"        M\u00e1te v \u00famyslu zm\u011bnit vnit\u0159n\u00ed dispozici va\u0161eho domu a po\u0159\u00eddit nov\u00e9 vybaven\u00ed n\u00e1bytkem a dom\u00e1c\u00edmi spot\u0159ebi\u010di, podlahov\u00fdmi krytinami a bytov\u00fdmi dopl\u0148ky? Budete si naj\u00edmat pro n\u00e1vrh vhodn\u00e9ho \u0159e\u0161en\u00ed bytov\u00e9ho architekta? Pak byste mu mohli j\u00edt obrazn\u011b \u0159e\u010deno naproti se sv\u00fdmi rozumn\u00fdmi po\u017eadavky:Vzdu\u0161nost versus prakti\u010dnost \u2013 bytov\u00ed architekti By design v\u00e1m mohou navrhnout, abyste vestav\u011bnou sk\u0159\u00ed\u0148 um\u00edstili rad\u011bji do p\u0159eds\u00edn\u011b nebo pod schodi\u0161t\u011b, kde jednak vyu\u017eijete obt\u00ed\u017en\u011b vyu\u017eiteln\u00fd prostor, a pak si v\u00edce otev\u0159ete obytnou \u010d\u00e1st domu \u010di bytu. T\u00edm p\u00e1dem z\u00edsk\u00e1te v\u00edce mo\u017enost\u00ed ke koncepci zejm\u00e9na va\u0161\u00ed lo\u017enice, kde b\u00fdvaj\u00ed vestav\u011bn\u00e9 sk\u0159\u00edn\u011b um\u00edst\u011bn\u00e9 nej\u010dast\u011bji.Patrov\u00e1 postel a psac\u00ed st\u016fl \u2013 u objekt\u016f s vy\u0161\u0161\u00edmi stropy se m\u016f\u017ee vyplatit vsadit na l\u016f\u017eka um\u00edst\u011bn\u00e1 pod stropem a um\u00edstit nap\u0159\u00edklad psac\u00ed st\u016fl pod postel do spodn\u00ed \u010d\u00e1sti tohoto prostoru. M\u016f\u017eete to koncipovat i tak, \u017ee bude pod l\u016f\u017ekem um\u00edst\u011bna vestav\u011bn\u00e1 sk\u0159\u00ed\u0148.M\u011bjte jasn\u011b rozmy\u0161len\u00fd styl \u2013 bytov\u00fd architekt se p\u0159izp\u016fsob\u00ed va\u0161im po\u017eadavk\u016fm, ov\u0161em za p\u0159edpokladu, \u017ee v nich budete m\u00edt jasno, alespo\u0148 co se t\u00fd\u010de stylu. M\u011bli byste si p\u0159edem rozmyslet, zda budete d\u00e1vat p\u0159ednost minimalismu, selsk\u00e9mu rustik\u00e1lu, retro stylu, chladn\u00e9 modern\u011b s p\u0159evahou skla a kovu, skandin\u00e1vsk\u00e9mu stylu atp. Po\u017eadavky na barvy \u2013 lid\u00e9, kte\u0159\u00ed v\u00ed, jak\u00fdm barv\u00e1m cht\u011bj\u00ed d\u00e1vat p\u0159ednost, to bytov\u00fdm architekt\u016fm zna\u010dn\u011b usnadn\u00ed. Barvy se toti\u017e v\u00e1\u017eou na n\u00e1bytek, podlahov\u00e9 krytiny, zejm\u00e9na koberce, \u010daloun\u011bn\u00ed sedac\u00edch souprav, z\u00e1clon a z\u00e1v\u011bs\u016f, st\u00edn\u00edc\u00ed techniky (rolet a \u017ealuzi\u00ed), sv\u00edtidel, malby st\u011bn a strop\u016f, bytov\u00fdch dekorac\u00ed atd. Na barv\u00e1ch z\u00e1le\u017e\u00ed v\u00edc, ne\u017e si mysl\u00edte, maj\u00ed velk\u00fd vliv na psychiku, na na\u0161i n\u00e1ladu a tv\u016fr\u010d\u00ed schopnosti. Velmi d\u016fle\u017eit\u00e9 jsou tak\u00e9 jejich vz\u00e1jemn\u00e9 kombinace a s t\u011bmi v\u00e1m u\u017e m\u016f\u017ee vypom\u00e1hat bytov\u00fd architekt. M\u016f\u017ee v\u00e1m navrhnout i takov\u00e9 \u0159e\u0161en\u00ed, kter\u00e9 v\u00e1s p\u0159ekvap\u00ed, a s n\u00edm\u017e jste dosud v\u016fbec nepo\u010d\u00edtali.                                                                                                                                                                                                                                                                                                                                                                                          5\/5 - (3 votes)        "},{"@context":"https:\/\/schema.org\/","@type":"BreadcrumbList","itemListElement":[{"@type":"ListItem","position":1,"name":"Jak usnadnit pr\u00e1ci bytov\u00fdm architekt\u016fm","item":"https:\/\/www.dvkk.cz\/jak-usnadnit-praci-bytovym-architektum\/#breadcrumbitem"}]}]