[{"@context":"https:\/\/schema.org\/","@type":"Article","@id":"https:\/\/www.dvkk.cz\/kdy-do-duchodu\/#Article","mainEntityOfPage":"https:\/\/www.dvkk.cz\/kdy-do-duchodu\/","headline":"Kdy do d\u016fchodu","name":"Kdy do d\u016fchodu","description":"Je skv\u011bl\u00e9, kdy\u017e zjist\u00edte, \u017ee na sv\u011bt\u011b (konkr\u00e9tn\u011bji dokonce v \u010cesk\u00e9 republice) existuj\u00ed lid\u00e9, kte\u0159\u00ed V\u00e1m v p\u0159\u00edpad\u011b nesn\u00e1z\u00ed a nezodpov\u011bzen\u00fdch ot\u00e1zek dok\u00e1\u017e\u00ed pomoci. Mnoho z n\u00e1s je jist\u011b zasko\u010deno d\u016fchodov\u00fdmi reformami, zvy\u0161ov\u00e1n\u00edm d\u016fchodov\u00e9ho v\u011bku a dal\u0161\u00edmi v\u011bcmi s t\u00edmto spojen\u00fdmi. Zeptejte se kdy do d\u016fchodu t\u011bch, kte\u0159\u00ed v t\u00e9to bran\u017ei um\u00ed chodit! Kdy do [&hellip;]","datePublished":"2025-03-14","dateModified":"2025-03-14","author":{"@type":"Person","@id":"https:\/\/www.dvkk.cz\/author\/#Person","name":"","url":"https:\/\/www.dvkk.cz\/author\/","identifier":1,"image":{"@type":"ImageObject","@id":"https:\/\/secure.gravatar.com\/avatar\/a1f3afbcba6a2c855138f9932fa7e5ab7d93bdcdef3da88e8b7e3a89881e43e8?s=96&d=mm&r=g","url":"https:\/\/secure.gravatar.com\/avatar\/a1f3afbcba6a2c855138f9932fa7e5ab7d93bdcdef3da88e8b7e3a89881e43e8?s=96&d=mm&r=g","height":96,"width":96}},"publisher":{"@type":"Organization","name":"dvkk.cz","logo":{"@type":"ImageObject","@id":"\/logo.png","url":"\/logo.png","width":600,"height":60}},"url":"https:\/\/www.dvkk.cz\/kdy-do-duchodu\/","wordCount":206,"articleBody":" Je skv\u011bl\u00e9, kdy\u017e zjist\u00edte, \u017ee na sv\u011bt\u011b (konkr\u00e9tn\u011bji dokonce v \u010cesk\u00e9 republice) existuj\u00ed lid\u00e9, kte\u0159\u00ed V\u00e1m v p\u0159\u00edpad\u011b nesn\u00e1z\u00ed a nezodpov\u011bzen\u00fdch ot\u00e1zek dok\u00e1\u017e\u00ed pomoci. Mnoho z n\u00e1s je jist\u011b zasko\u010deno d\u016fchodov\u00fdmi reformami, zvy\u0161ov\u00e1n\u00edm d\u016fchodov\u00e9ho v\u011bku a dal\u0161\u00edmi v\u011bcmi s t\u00edmto spojen\u00fdmi. Zeptejte se kdy do d\u016fchodu t\u011bch, kte\u0159\u00ed v t\u00e9to bran\u017ei um\u00ed chodit! Kdy do d\u016fchodu Abyste v\u011bd\u011bli s naprostou p\u0159esnost\u00ed, p\u0159ed\u010dasn\u00fd d\u016fchod, kolik v\u00e1m pot\u00e9 bude m\u011bs\u00ed\u010dn\u011b p\u0159ipadat financ\u00ed, jak vy\u0159e\u0161it, kdy\u017e si budete cht\u00edt v d\u016fchodu je\u0161t\u011b t\u0159eba vypomoci n\u011bjak\u00fdm snadn\u00fdm p\u0159iv\u00fdd\u011blkem a plno dal\u0161\u00edch v\u011bc\u00ed, kter\u00e9 by v\u00e1s ve spojitosti s d\u016fchodem mohly zaj\u00edmat, sta\u010d\u00ed nav\u0161t\u00edvit ty spr\u00e1vn\u00e9 internetov\u00e9 str\u00e1nky. \u017divot v d\u016fchodu&#8230;je p\u0159eci par\u00e1da! Tak p\u0159enechejte v\u0161echny ty pap\u00edrov\u00e9 z\u00e1le\u017eitosti na n\u011bkom, kdo se v ot\u00e1zk\u00e1ch jako kdy do d\u016fchodu nebo kolik v d\u016fchodu vyzn\u00e1.                                                                                                                                                                                                                                                                                                                                                                                        5\/5 - (2 votes)        "},{"@context":"https:\/\/schema.org\/","@type":"BreadcrumbList","itemListElement":[{"@type":"ListItem","position":1,"name":"Kdy do d\u016fchodu","item":"https:\/\/www.dvkk.cz\/kdy-do-duchodu\/#breadcrumbitem"}]}]