[{"@context":"https:\/\/schema.org\/","@type":"Article","@id":"https:\/\/www.dvkk.cz\/na-zaviraci-dobu-budete-moci-zapomenout\/#Article","mainEntityOfPage":"https:\/\/www.dvkk.cz\/na-zaviraci-dobu-budete-moci-zapomenout\/","headline":"Na zav\u00edrac\u00ed dobu budete moci zapomenout","name":"Na zav\u00edrac\u00ed dobu budete moci zapomenout","description":"Nen\u00e1vid\u00edte zav\u00edrac\u00ed doby obchod\u016f, supermarket\u016f a hypermarket\u016f? Nen\u00e1vid\u00edte zav\u00edrac\u00ed doby aquapark\u016f, relaxa\u010dn\u00edch st\u0159edisek a posiloven? S t\u00edm prvn\u00edm v\u00e1m nepom\u016f\u017eeme, m\u00edsto n\u00e1v\u0161t\u011bv ve\u0159ejn\u00fdch baz\u00e9n\u016f si po\u0159i\u010fte vlastn\u00ed, mal\u00e1 posilovna v byt\u011b dnes tak\u00e9 nen\u00ed probl\u00e9m a relaxace? Tu vy\u0159e\u0161\u00ed n\u00e1\u0161 v\u00ed\u0159ivky prodej, d\u00edky kter\u00e9mu si j\u00ed budete moci u\u017e\u00edvat dosyta. Dnes toti\u017e nen\u00ed v\u016fbec slo\u017eit\u00e9 [&hellip;]","datePublished":"2024-10-22","dateModified":"2024-10-22","author":{"@type":"Person","@id":"https:\/\/www.dvkk.cz\/author\/#Person","name":"","url":"https:\/\/www.dvkk.cz\/author\/","identifier":1,"image":{"@type":"ImageObject","@id":"https:\/\/secure.gravatar.com\/avatar\/a1f3afbcba6a2c855138f9932fa7e5ab7d93bdcdef3da88e8b7e3a89881e43e8?s=96&d=mm&r=g","url":"https:\/\/secure.gravatar.com\/avatar\/a1f3afbcba6a2c855138f9932fa7e5ab7d93bdcdef3da88e8b7e3a89881e43e8?s=96&d=mm&r=g","height":96,"width":96}},"publisher":{"@type":"Organization","name":"dvkk.cz","logo":{"@type":"ImageObject","@id":"\/logo.png","url":"\/logo.png","width":600,"height":60}},"url":"https:\/\/www.dvkk.cz\/na-zaviraci-dobu-budete-moci-zapomenout\/","wordCount":251,"articleBody":"Nen\u00e1vid\u00edte zav\u00edrac\u00ed doby obchod\u016f, supermarket\u016f a hypermarket\u016f? Nen\u00e1vid\u00edte zav\u00edrac\u00ed doby aquapark\u016f, relaxa\u010dn\u00edch st\u0159edisek a posiloven? S t\u00edm prvn\u00edm v\u00e1m nepom\u016f\u017eeme, m\u00edsto n\u00e1v\u0161t\u011bv ve\u0159ejn\u00fdch baz\u00e9n\u016f si po\u0159i\u010fte vlastn\u00ed, mal\u00e1 posilovna v byt\u011b dnes tak\u00e9 nen\u00ed probl\u00e9m a relaxace? Tu vy\u0159e\u0161\u00ed n\u00e1\u0161 v\u00ed\u0159ivky prodej, d\u00edky kter\u00e9mu si j\u00ed budete moci u\u017e\u00edvat dosyta. Dnes toti\u017e nen\u00ed v\u016fbec slo\u017eit\u00e9 m\u00edt toto relaxa\u010dn\u00ed za\u0159\u00edzen\u00ed i v pom\u011brn\u011b mal\u00e9m byt\u011b stejn\u011b jako t\u0159eba infrasaunu.\tUvnit\u0159 nebo venkuV\u00ed\u0159ivou vanu v\u0161ak m\u016f\u017eete um\u00edstit jak uvnit\u0159 interi\u00e9ru, tak v exteri\u00e9ru. Nem\u016f\u017ee b\u00fdt p\u0159ece nic lep\u0161\u00edho ne\u017e letn\u00ed grilov\u00e1n\u00ed zakon\u010den\u00e9 mas\u00edrov\u00e1n\u00edm proudem vody a vzduchu za doprovodu uklid\u0148uj\u00edc\u00ed hudby a sklenky dobr\u00e9ho v\u00edna. Je to ta spr\u00e1vn\u00e1 atmosf\u00e9ra, kterou ji\u017e dlouho nos\u00edte v hlav\u011b? Pak m\u00e1te jedine\u010dnou p\u0159\u00edle\u017eitost ji uskute\u010dnit! Pokud chcete toto skv\u011bl\u00e9 za\u0159\u00edzen\u00ed um\u00edstit rad\u011bji v interi\u00e9ru, nen\u00ed od v\u011bci um\u00edstit ho nap\u0159\u00edklad do lo\u017enice, kde se stane ryze soukromou z\u00e1le\u017eitost\u00ed v\u00e1s samotn\u00fdch nebo spole\u010dn\u00fdch partnersk\u00fdch radov\u00e1nek. Jak celou z\u00e1le\u017eitost uchop\u00edte, m\u00e1te ve sv\u00fdch rukou. D\u016fle\u017eit\u00e9 je se rozhodnout.                                                                                                                                                                                                                                                                                                                                                                                        3.7\/5 - (7 votes)        "},{"@context":"https:\/\/schema.org\/","@type":"BreadcrumbList","itemListElement":[{"@type":"ListItem","position":1,"name":"Na zav\u00edrac\u00ed dobu budete moci zapomenout","item":"https:\/\/www.dvkk.cz\/na-zaviraci-dobu-budete-moci-zapomenout\/#breadcrumbitem"}]}]