[{"@context":"https:\/\/schema.org\/","@type":"Article","@id":"https:\/\/www.dvkk.cz\/nedari-se-vam-s-tim-hnout\/#Article","mainEntityOfPage":"https:\/\/www.dvkk.cz\/nedari-se-vam-s-tim-hnout\/","headline":"Neda\u0159\u00ed se v\u00e1m s t\u00edm hnout","name":"Neda\u0159\u00ed se v\u00e1m s t\u00edm hnout","description":"Tak to vypad\u00e1, \u017ee jste zamrzla na mrtv\u00e9m bod\u011b. V\u00a0sou\u010dasnosti u\u017e sv\u00e9 povinnosti do \u0161koly a z\u00e1rove\u0148 p\u00e9\u010di o d\u011bti skoro nest\u00edh\u00e1te. Je pravda, \u017ee jste to s\u00a0man\u017eelem dlouho rozva\u017eovali, nicm\u00e9n\u011b dosp\u011bli jste k\u00a0n\u00e1zoru, \u017ee jste schopn\u00e1 se starat o d\u011bti i dostudovat vysokou \u0161kolu, ale nyn\u00ed to vypad\u00e1, \u017ee realita nen\u00ed a\u017e tak r\u016f\u017eov\u00e1, [&hellip;]","datePublished":"2024-10-30","dateModified":"2024-10-30","author":{"@type":"Person","@id":"https:\/\/www.dvkk.cz\/author\/#Person","name":"","url":"https:\/\/www.dvkk.cz\/author\/","identifier":1,"image":{"@type":"ImageObject","@id":"https:\/\/secure.gravatar.com\/avatar\/a1f3afbcba6a2c855138f9932fa7e5ab7d93bdcdef3da88e8b7e3a89881e43e8?s=96&d=mm&r=g","url":"https:\/\/secure.gravatar.com\/avatar\/a1f3afbcba6a2c855138f9932fa7e5ab7d93bdcdef3da88e8b7e3a89881e43e8?s=96&d=mm&r=g","height":96,"width":96}},"publisher":{"@type":"Organization","name":"dvkk.cz","logo":{"@type":"ImageObject","@id":"\/logo.png","url":"\/logo.png","width":600,"height":60}},"url":"https:\/\/www.dvkk.cz\/nedari-se-vam-s-tim-hnout\/","wordCount":255,"articleBody":"\tTak to vypad\u00e1, \u017ee jste zamrzla na mrtv\u00e9m bod\u011b. V\u00a0sou\u010dasnosti u\u017e sv\u00e9 povinnosti do \u0161koly a z\u00e1rove\u0148 p\u00e9\u010di o d\u011bti skoro nest\u00edh\u00e1te. Je pravda, \u017ee jste to s\u00a0man\u017eelem dlouho rozva\u017eovali, nicm\u00e9n\u011b dosp\u011bli jste k\u00a0n\u00e1zoru, \u017ee jste schopn\u00e1 se starat o d\u011bti i dostudovat vysokou \u0161kolu, ale nyn\u00ed to vypad\u00e1, \u017ee realita nen\u00ed a\u017e tak r\u016f\u017eov\u00e1, jak jste si ji p\u0159edstavovala. Zkr\u00e1tka p\u00e9\u010de o d\u011bti v\u00e1m zab\u00edr\u00e1 v\u00edce \u010dasu, ne\u017e jste si myslela, a tak u\u010den\u00ed a va\u0161e vysoko\u0161kolsk\u00e9 povinnosti musely j\u00edt samoz\u0159ejm\u011b stranou.\tStudium a d\u011bti nejdou dohromadyJen\u017ee probl\u00e9m je v\u00a0tom, \u017ee va\u0161e term\u00edny u\u017e doslova ho\u0159\u00ed a pokud m\u00e1 va\u0161e rigor\u00f3zn\u00ed pr\u00e1ce n\u011bjak dopadnout, tak je nejvy\u0161\u0161\u00ed \u010das na to, abyste na n\u00ed za\u010dala pracovat, jinak se m\u016f\u017eete s\u00a0n\u00e1sledn\u00fdm studiem rozlou\u010dit, a to by byla p\u0159ece jen \u0161koda, nebo\u0165 u\u017e jste toho v\u00a0tomto sm\u011bru ud\u011blala v\u00edce ne\u017e jin\u00ed, a kdybyste te\u010f m\u011bla stejn\u011b jako oni skon\u010dit s\u00a0magistersk\u00fdm titulem, tak by v\u00e1m to p\u0159ipadalo nespravedliv\u00e9. Jen\u017ee podm\u00ednky jsou stejn\u00e9 pro v\u0161echny a nen\u00ed jin\u00e1 cesta. Bu\u010f si tedy rychle se\u017eenete n\u011bkoho, kdo v\u00e1m s\u00a0tou prac\u00ed alespo\u0148 \u010d\u00e1ste\u010dn\u011b pom\u016f\u017ee anebo to m\u016f\u017eete rovnou sm\u00e9st ze stolu.                                                                                                                                                                                                                                                                                                                                                                                        4.1\/5 - (7 votes)        "},{"@context":"https:\/\/schema.org\/","@type":"BreadcrumbList","itemListElement":[{"@type":"ListItem","position":1,"name":"Neda\u0159\u00ed se v\u00e1m s t\u00edm hnout","item":"https:\/\/www.dvkk.cz\/nedari-se-vam-s-tim-hnout\/#breadcrumbitem"}]}]