[{"@context":"https:\/\/schema.org\/","@type":"Article","@id":"https:\/\/www.dvkk.cz\/oslava-narozenin-je-radost\/#Article","mainEntityOfPage":"https:\/\/www.dvkk.cz\/oslava-narozenin-je-radost\/","headline":"Oslava narozenin je radost","name":"Oslava narozenin je radost","description":"\u0158\u00edk\u00e1 se, \u017ee z\u00e1klady osobnost \u010dlov\u011bka se utv\u00e1\u0159ej\u00ed do t\u0159et\u00edho roku \u017eivota. Je to v\u011bk, kdy si \u010dlov\u011bk uv\u011bdomuje s\u00e1m sebe a u\u010d\u00ed se vzdorovat. Je to patrn\u011b taky rok, kdy pro n\u011bj oslava narozenin za\u010d\u00edn\u00e1 b\u00fdt d\u016fle\u017eit\u00e1, u\u017e z n\u00ed \u201en\u011bco m\u00e1\u201c. Dob\u0159e ch\u00e1pe, \u017ee e je st\u0159edem pozornosti a d\u00e1rky si opravdu u\u017e\u00edv\u00e1. [&hellip;]","datePublished":"2024-10-17","dateModified":"2024-10-17","author":{"@type":"Person","@id":"https:\/\/www.dvkk.cz\/author\/#Person","name":"","url":"https:\/\/www.dvkk.cz\/author\/","identifier":1,"image":{"@type":"ImageObject","@id":"https:\/\/secure.gravatar.com\/avatar\/a1f3afbcba6a2c855138f9932fa7e5ab7d93bdcdef3da88e8b7e3a89881e43e8?s=96&d=mm&r=g","url":"https:\/\/secure.gravatar.com\/avatar\/a1f3afbcba6a2c855138f9932fa7e5ab7d93bdcdef3da88e8b7e3a89881e43e8?s=96&d=mm&r=g","height":96,"width":96}},"publisher":{"@type":"Organization","name":"dvkk.cz","logo":{"@type":"ImageObject","@id":"\/logo.png","url":"\/logo.png","width":600,"height":60}},"url":"https:\/\/www.dvkk.cz\/oslava-narozenin-je-radost\/","wordCount":347,"articleBody":"\u0158\u00edk\u00e1 se, \u017ee z\u00e1klady osobnost \u010dlov\u011bka se utv\u00e1\u0159ej\u00ed do t\u0159et\u00edho roku \u017eivota. Je to v\u011bk, kdy si \u010dlov\u011bk uv\u011bdomuje s\u00e1m sebe a u\u010d\u00ed se vzdorovat. Je to patrn\u011b taky rok, kdy pro n\u011bj oslava narozenin za\u010d\u00edn\u00e1 b\u00fdt d\u016fle\u017eit\u00e1, u\u017e z n\u00ed \u201en\u011bco m\u00e1\u201c.  Dob\u0159e ch\u00e1pe, \u017ee e je st\u0159edem pozornosti a d\u00e1rky si opravdu u\u017e\u00edv\u00e1. Rozbaluje je, trh\u00e1 pap\u00edr, kter\u00fd l\u00e9t\u00e1 vzduchem, a jeho, (nebo pardon, jej\u00ed), radost je nel\u00ed\u010den\u00e1.Kr\u00e1sn\u00e9 vzpom\u00ednkyJe to slavnost, na n\u00ed\u017e se pak dlouho vzpom\u00edn\u00e1. Na rodinn\u00fdch se\u0161lostech se pak vypravuje: \u201ePamatuje\u0161, jak tenkr\u00e1t n\u00e1\u0161 Karl\u00ed\u010dek, (na\u0161e Helenka)\u2026.\u201c Jak \u010dlov\u011bk roste, u\u017e\u00edv\u00e1 si svoje narozeniny je\u0161t\u011b v\u00edc a v\u00edce si pamatuje. Vzpom\u00edn\u00e1 na to, jak slavil osm\u00e9 narozeniny a dostal svoje prvn\u00ed kolo. (Dne\u0161n\u00ed d\u011bti budou vzpom\u00ednat sp\u00ed\u0161e na sv\u016fj prvn\u00ed mobil nebo tablet). Ale na co budou d\u011bti vzpom\u00ednat zaru\u010den\u011b, je kouzeln\u00edk. Oslava narozenin pom\u00e1h\u00e1 utv\u00e1\u0159et n\u00e1\u0161 kladn\u00fd vztah ke sv\u011btu a k \u017eivotu. Proto slavme narozeniny! N\u011bkdo sice m\u016f\u017ee nam\u00edtnout, \u017ee dost podobn\u00e9 to je, kdy\u017e slav\u00edme sv\u00e1tek nebo v\u00e1noce. Jen\u017ee to je omyl. V\u00e1noce jsou kr\u00e1sn\u00e9, maj\u00ed neopakovatelnou atmosf\u00e9ru, le\u010d slav\u00edme je v\u0161ichni nebo v\u011bt\u0161ina, (v euroamerick\u00e9m kulturn\u00edm okruhu jist\u011b), tak\u017ee pat\u0159\u00ed n\u00e1m v\u0161em. O sv\u00e1tek, neboli, jmeniny, se mus\u00edme d\u011blit se v\u0161emi lidmi, kte\u0159\u00ed maj\u00ed stejn\u00e9 jm\u00e9no jako my. Ale narozeniny pat\u0159\u00ed pouze n\u00e1m. Samoz\u0159ejm\u011b, \u017ee se ve stejn\u00fd den narodilo po cel\u00e9m sv\u011bt\u011b tis\u00edce jin\u00fdch lid\u00ed, jen\u017ee ti obvykle nemaj\u00ed p\u0159\u00edm\u00fd vztah k na\u0161emu \u017eivotu. A i kdyby ano, ka\u017ed\u00fd z n\u00e1s je naprost\u00fd origin\u00e1l, kter\u00fd si cestu na sv\u011bt musel vybojovat s\u00e1m. Opakuji: slavme svoje narozeniny!                                                                                                                                                                                                                                                                                                                                                                                        5\/5 - (2 votes)        "},{"@context":"https:\/\/schema.org\/","@type":"BreadcrumbList","itemListElement":[{"@type":"ListItem","position":1,"name":"Oslava narozenin je radost","item":"https:\/\/www.dvkk.cz\/oslava-narozenin-je-radost\/#breadcrumbitem"}]}]