[{"@context":"https:\/\/schema.org\/","@type":"Blog","@id":"https:\/\/www.dvkk.cz#Blog","headline":"Dvkk","description":"\nTento web nevznikl jen tak pro nic a za nic. Vznikl proto, aby v\u00e1m byl prosp\u011b\u0161n\u00fd. Jak se o tom u\u017e mnoz\u00ed p\u0159esv\u011bd\u010dili. A i vy se o tom m\u016f\u017eete p\u0159esv\u011bd\u010dit.","url":"https:\/\/www.dvkk.cz","hasPart":[{"@type":"Article","@id":"https:\/\/www.dvkk.cz\/auta-s-pocitacem\/","headline":"Auta s po\u010d\u00edta\u010dem","url":"https:\/\/www.dvkk.cz\/auta-s-pocitacem\/","datePublished":"2025-05-02","dateModified":"2025-05-02","mainEntityOfPage":"https:\/\/www.dvkk.cz\/auta-s-pocitacem\/","author":{"@type":"Person","@id":"https:\/\/www.dvkk.cz\/author\/#Person","name":"","url":"https:\/\/www.dvkk.cz\/author\/","identifier":1,"image":{"@type":"ImageObject","@id":"https:\/\/secure.gravatar.com\/avatar\/a1f3afbcba6a2c855138f9932fa7e5ab7d93bdcdef3da88e8b7e3a89881e43e8?s=96&d=mm&r=g","url":"https:\/\/secure.gravatar.com\/avatar\/a1f3afbcba6a2c855138f9932fa7e5ab7d93bdcdef3da88e8b7e3a89881e43e8?s=96&d=mm&r=g","height":96,"width":96}},"publisher":{"@type":"Organization","name":"dvkk.cz","logo":{"@type":"ImageObject","@id":"\/logo.png","url":"\/logo.png","width":600,"height":60}},"image":{"@type":"ImageObject","@id":"https:\/\/www.dvkk.cz\/wp-content\/uploads\/auto-2862393_640.jpg","url":"https:\/\/www.dvkk.cz\/wp-content\/uploads\/auto-2862393_640.jpg","height":0,"width":0},"wordCount":667,"keywords":null},{"@type":"Article","@id":"https:\/\/www.dvkk.cz\/novinky-na-kuracke-scene\/","headline":"Novinky na ku\u0159\u00e1ck\u00e9 sc\u00e9n\u011b","url":"https:\/\/www.dvkk.cz\/novinky-na-kuracke-scene\/","datePublished":"2025-05-02","dateModified":"2025-05-02","mainEntityOfPage":"https:\/\/www.dvkk.cz\/novinky-na-kuracke-scene\/","author":{"@type":"Person","@id":"https:\/\/www.dvkk.cz\/author\/#Person","name":"","url":"https:\/\/www.dvkk.cz\/author\/","identifier":1,"image":{"@type":"ImageObject","@id":"https:\/\/secure.gravatar.com\/avatar\/a1f3afbcba6a2c855138f9932fa7e5ab7d93bdcdef3da88e8b7e3a89881e43e8?s=96&d=mm&r=g","url":"https:\/\/secure.gravatar.com\/avatar\/a1f3afbcba6a2c855138f9932fa7e5ab7d93bdcdef3da88e8b7e3a89881e43e8?s=96&d=mm&r=g","height":96,"width":96}},"publisher":{"@type":"Organization","name":"dvkk.cz","logo":{"@type":"ImageObject","@id":"\/logo.png","url":"\/logo.png","width":600,"height":60}},"image":{"@type":"ImageObject","@id":"https:\/\/www.dvkk.cz\/wp-content\/uploads\/e-cigarette-1881957_640_5.jpg","url":"https:\/\/www.dvkk.cz\/wp-content\/uploads\/e-cigarette-1881957_640_5.jpg","height":0,"width":0},"wordCount":611,"keywords":null},{"@type":"Article","@id":"https:\/\/www.dvkk.cz\/vyroba-si-zada-vybaveni\/","headline":"V\u00fdroba si \u017e\u00e1d\u00e1 vybaven\u00ed","url":"https:\/\/www.dvkk.cz\/vyroba-si-zada-vybaveni\/","datePublished":"2025-05-01","dateModified":"2025-05-01","mainEntityOfPage":"https:\/\/www.dvkk.cz\/vyroba-si-zada-vybaveni\/","author":{"@type":"Person","@id":"https:\/\/www.dvkk.cz\/author\/#Person","name":"","url":"https:\/\/www.dvkk.cz\/author\/","identifier":1,"image":{"@type":"ImageObject","@id":"https:\/\/secure.gravatar.com\/avatar\/a1f3afbcba6a2c855138f9932fa7e5ab7d93bdcdef3da88e8b7e3a89881e43e8?s=96&d=mm&r=g","url":"https:\/\/secure.gravatar.com\/avatar\/a1f3afbcba6a2c855138f9932fa7e5ab7d93bdcdef3da88e8b7e3a89881e43e8?s=96&d=mm&r=g","height":96,"width":96}},"publisher":{"@type":"Organization","name":"dvkk.cz","logo":{"@type":"ImageObject","@id":"\/logo.png","url":"\/logo.png","width":600,"height":60}},"image":{"@type":"ImageObject","@id":"https:\/\/www.dvkk.cz\/wp-content\/uploads\/k_10_10_1.jpg","url":"https:\/\/www.dvkk.cz\/wp-content\/uploads\/k_10_10_1.jpg","height":0,"width":0},"wordCount":596,"keywords":null},{"@type":"Article","@id":"https:\/\/www.dvkk.cz\/obleceni-s-vlastnim-navrhem\/","headline":"Oble\u010den\u00ed s vlastn\u00edm n\u00e1vrhem","url":"https:\/\/www.dvkk.cz\/obleceni-s-vlastnim-navrhem\/","datePublished":"2025-05-01","dateModified":"2025-05-01","mainEntityOfPage":"https:\/\/www.dvkk.cz\/obleceni-s-vlastnim-navrhem\/","author":{"@type":"Person","@id":"https:\/\/www.dvkk.cz\/author\/#Person","name":"","url":"https:\/\/www.dvkk.cz\/author\/","identifier":1,"image":{"@type":"ImageObject","@id":"https:\/\/secure.gravatar.com\/avatar\/a1f3afbcba6a2c855138f9932fa7e5ab7d93bdcdef3da88e8b7e3a89881e43e8?s=96&d=mm&r=g","url":"https:\/\/secure.gravatar.com\/avatar\/a1f3afbcba6a2c855138f9932fa7e5ab7d93bdcdef3da88e8b7e3a89881e43e8?s=96&d=mm&r=g","height":96,"width":96}},"publisher":{"@type":"Organization","name":"dvkk.cz","logo":{"@type":"ImageObject","@id":"\/logo.png","url":"\/logo.png","width":600,"height":60}},"image":{"@type":"ImageObject","@id":"https:\/\/www.dvkk.cz\/wp-content\/uploads\/adult-1851571_640.jpg","url":"https:\/\/www.dvkk.cz\/wp-content\/uploads\/adult-1851571_640.jpg","height":0,"width":0},"wordCount":593,"keywords":null},{"@type":"Article","@id":"https:\/\/www.dvkk.cz\/bez-kouzelnika-by-to-neslo\/","headline":"Bez kouzeln\u00edka by to ne\u0161lo","url":"https:\/\/www.dvkk.cz\/bez-kouzelnika-by-to-neslo\/","datePublished":"2025-05-01","dateModified":"2025-05-01","mainEntityOfPage":"https:\/\/www.dvkk.cz\/bez-kouzelnika-by-to-neslo\/","author":{"@type":"Person","@id":"https:\/\/www.dvkk.cz\/author\/#Person","name":"","url":"https:\/\/www.dvkk.cz\/author\/","identifier":1,"image":{"@type":"ImageObject","@id":"https:\/\/secure.gravatar.com\/avatar\/a1f3afbcba6a2c855138f9932fa7e5ab7d93bdcdef3da88e8b7e3a89881e43e8?s=96&d=mm&r=g","url":"https:\/\/secure.gravatar.com\/avatar\/a1f3afbcba6a2c855138f9932fa7e5ab7d93bdcdef3da88e8b7e3a89881e43e8?s=96&d=mm&r=g","height":96,"width":96}},"publisher":{"@type":"Organization","name":"dvkk.cz","logo":{"@type":"ImageObject","@id":"\/logo.png","url":"\/logo.png","width":600,"height":60}},"image":{"@type":"ImageObject","@id":"https:\/\/www.dvkk.cz\/wp-content\/uploads\/magic-2034146_640_10_3.jpg","url":"https:\/\/www.dvkk.cz\/wp-content\/uploads\/magic-2034146_640_10_3.jpg","height":0,"width":0},"wordCount":585,"keywords":null},{"@type":"Article","@id":"https:\/\/www.dvkk.cz\/project-management\/","headline":"Project management","url":"https:\/\/www.dvkk.cz\/project-management\/","datePublished":"2025-04-23","dateModified":"2025-04-23","mainEntityOfPage":"https:\/\/www.dvkk.cz\/project-management\/","author":{"@type":"Person","@id":"https:\/\/www.dvkk.cz\/author\/#Person","name":"","url":"https:\/\/www.dvkk.cz\/author\/","identifier":1,"image":{"@type":"ImageObject","@id":"https:\/\/secure.gravatar.com\/avatar\/a1f3afbcba6a2c855138f9932fa7e5ab7d93bdcdef3da88e8b7e3a89881e43e8?s=96&d=mm&r=g","url":"https:\/\/secure.gravatar.com\/avatar\/a1f3afbcba6a2c855138f9932fa7e5ab7d93bdcdef3da88e8b7e3a89881e43e8?s=96&d=mm&r=g","height":96,"width":96}},"publisher":{"@type":"Organization","name":"dvkk.cz","logo":{"@type":"ImageObject","@id":"\/logo.png","url":"\/logo.png","width":600,"height":60}},"image":null,"wordCount":202,"keywords":null},{"@type":"Article","@id":"https:\/\/www.dvkk.cz\/nakupujte-firemni-obleceni\/","headline":"Nakupujte firemn\u00ed oble\u010den\u00ed","url":"https:\/\/www.dvkk.cz\/nakupujte-firemni-obleceni\/","datePublished":"2025-04-17","dateModified":"2025-04-17","mainEntityOfPage":"https:\/\/www.dvkk.cz\/nakupujte-firemni-obleceni\/","author":{"@type":"Person","@id":"https:\/\/www.dvkk.cz\/author\/#Person","name":"","url":"https:\/\/www.dvkk.cz\/author\/","identifier":1,"image":{"@type":"ImageObject","@id":"https:\/\/secure.gravatar.com\/avatar\/a1f3afbcba6a2c855138f9932fa7e5ab7d93bdcdef3da88e8b7e3a89881e43e8?s=96&d=mm&r=g","url":"https:\/\/secure.gravatar.com\/avatar\/a1f3afbcba6a2c855138f9932fa7e5ab7d93bdcdef3da88e8b7e3a89881e43e8?s=96&d=mm&r=g","height":96,"width":96}},"publisher":{"@type":"Organization","name":"dvkk.cz","logo":{"@type":"ImageObject","@id":"\/logo.png","url":"\/logo.png","width":600,"height":60}},"image":null,"wordCount":226,"keywords":null},{"@type":"Article","@id":"https:\/\/www.dvkk.cz\/sladke-osvezeni-uz-na-vas-ceka\/","headline":"Sladk\u00e9 osv\u011b\u017een\u00ed u\u017e na v\u00e1s \u010dek\u00e1","url":"https:\/\/www.dvkk.cz\/sladke-osvezeni-uz-na-vas-ceka\/","datePublished":"2025-04-10","dateModified":"2025-04-10","mainEntityOfPage":"https:\/\/www.dvkk.cz\/sladke-osvezeni-uz-na-vas-ceka\/","author":{"@type":"Person","@id":"https:\/\/www.dvkk.cz\/author\/#Person","name":"","url":"https:\/\/www.dvkk.cz\/author\/","identifier":1,"image":{"@type":"ImageObject","@id":"https:\/\/secure.gravatar.com\/avatar\/a1f3afbcba6a2c855138f9932fa7e5ab7d93bdcdef3da88e8b7e3a89881e43e8?s=96&d=mm&r=g","url":"https:\/\/secure.gravatar.com\/avatar\/a1f3afbcba6a2c855138f9932fa7e5ab7d93bdcdef3da88e8b7e3a89881e43e8?s=96&d=mm&r=g","height":96,"width":96}},"publisher":{"@type":"Organization","name":"dvkk.cz","logo":{"@type":"ImageObject","@id":"\/logo.png","url":"\/logo.png","width":600,"height":60}},"image":null,"wordCount":166,"keywords":null},{"@type":"Article","@id":"https:\/\/www.dvkk.cz\/sila-prirody\/","headline":"S\u00edla p\u0159\u00edrody","url":"https:\/\/www.dvkk.cz\/sila-prirody\/","datePublished":"2025-04-04","dateModified":"2025-04-04","mainEntityOfPage":"https:\/\/www.dvkk.cz\/sila-prirody\/","author":{"@type":"Person","@id":"https:\/\/www.dvkk.cz\/author\/#Person","name":"","url":"https:\/\/www.dvkk.cz\/author\/","identifier":1,"image":{"@type":"ImageObject","@id":"https:\/\/secure.gravatar.com\/avatar\/a1f3afbcba6a2c855138f9932fa7e5ab7d93bdcdef3da88e8b7e3a89881e43e8?s=96&d=mm&r=g","url":"https:\/\/secure.gravatar.com\/avatar\/a1f3afbcba6a2c855138f9932fa7e5ab7d93bdcdef3da88e8b7e3a89881e43e8?s=96&d=mm&r=g","height":96,"width":96}},"publisher":{"@type":"Organization","name":"dvkk.cz","logo":{"@type":"ImageObject","@id":"\/logo.png","url":"\/logo.png","width":600,"height":60}},"image":{"@type":"ImageObject","@id":"https:\/\/www.dvkk.cz\/wp-content\/uploads\/pexels-isabella-mendes-107313-858480.jpg","url":"https:\/\/www.dvkk.cz\/wp-content\/uploads\/pexels-isabella-mendes-107313-858480.jpg","height":0,"width":0},"wordCount":562,"keywords":null},{"@type":"Article","@id":"https:\/\/www.dvkk.cz\/stolicky\/","headline":"Stoli\u010dky","url":"https:\/\/www.dvkk.cz\/stolicky\/","datePublished":"2025-03-31","dateModified":"2025-03-31","mainEntityOfPage":"https:\/\/www.dvkk.cz\/stolicky\/","author":{"@type":"Person","@id":"https:\/\/www.dvkk.cz\/author\/#Person","name":"","url":"https:\/\/www.dvkk.cz\/author\/","identifier":1,"image":{"@type":"ImageObject","@id":"https:\/\/secure.gravatar.com\/avatar\/a1f3afbcba6a2c855138f9932fa7e5ab7d93bdcdef3da88e8b7e3a89881e43e8?s=96&d=mm&r=g","url":"https:\/\/secure.gravatar.com\/avatar\/a1f3afbcba6a2c855138f9932fa7e5ab7d93bdcdef3da88e8b7e3a89881e43e8?s=96&d=mm&r=g","height":96,"width":96}},"publisher":{"@type":"Organization","name":"dvkk.cz","logo":{"@type":"ImageObject","@id":"\/logo.png","url":"\/logo.png","width":600,"height":60}},"image":null,"wordCount":225,"keywords":null}]},{"@context":"https:\/\/schema.org","@type":"WebSite","@id":"https:\/\/www.dvkk.cz\/#website","name":"Dvkk","url":"https:\/\/www.dvkk.cz","potentialAction":{"@type":"SearchAction","target":"https:\/\/www.dvkk.cz\/?s={search_term_string}","query-input":"required name=search_term_string"}}]