[{"@context":"https:\/\/schema.org\/","@type":"Article","@id":"https:\/\/www.dvkk.cz\/podmorsky-svet\/#Article","mainEntityOfPage":"https:\/\/www.dvkk.cz\/podmorsky-svet\/","headline":"Podmo\u0159sk\u00fd sv\u011bt","name":"Podmo\u0159sk\u00fd sv\u011bt","description":"Jako mal\u00e1 holka jsem velice r\u00e1da \u010detla knihy a bylo mi jedno, o \u010dem ty knihy jsou. A byla jsem hlavn\u011b r\u00e1da, kdy jsem t\u0159eba k narozenin\u00e1m anebo na V\u00e1noce \u010di k sv\u00e1tku dostala n\u011bjakou knihu. Mo\u017en\u00e1 jsem byla asi jedin\u00e9 d\u00edt\u011b z rodiny, kter\u00e9 m\u011blo r\u00e1do knihy, kdy\u017e jsem dostala na r\u016fzn\u00e9 sv\u00e1tky nebo [&hellip;]","datePublished":"2022-05-28","dateModified":"2022-05-28","author":{"@type":"Person","@id":"https:\/\/www.dvkk.cz\/author\/#Person","name":"","url":"https:\/\/www.dvkk.cz\/author\/","identifier":1,"image":{"@type":"ImageObject","@id":"https:\/\/secure.gravatar.com\/avatar\/a1f3afbcba6a2c855138f9932fa7e5ab7d93bdcdef3da88e8b7e3a89881e43e8?s=96&d=mm&r=g","url":"https:\/\/secure.gravatar.com\/avatar\/a1f3afbcba6a2c855138f9932fa7e5ab7d93bdcdef3da88e8b7e3a89881e43e8?s=96&d=mm&r=g","height":96,"width":96}},"publisher":{"@type":"Organization","name":"dvkk.cz","logo":{"@type":"ImageObject","@id":"\/logo.png","url":"\/logo.png","width":600,"height":60}},"image":{"@type":"ImageObject","@id":"https:\/\/www.dvkk.cz\/wp-content\/uploads\/mite-67638_960_720.jpg","url":"https:\/\/www.dvkk.cz\/wp-content\/uploads\/mite-67638_960_720.jpg","height":0,"width":0},"url":"https:\/\/www.dvkk.cz\/podmorsky-svet\/","about":["V\u011bda"],"wordCount":431,"articleBody":"Jako mal\u00e1 holka jsem velice r\u00e1da \u010detla knihy a bylo mi jedno, o \u010dem ty knihy jsou. A byla jsem hlavn\u011b r\u00e1da, kdy jsem t\u0159eba k narozenin\u00e1m anebo na V\u00e1noce \u010di k sv\u00e1tku dostala n\u011bjakou knihu. Mo\u017en\u00e1 jsem byla asi jedin\u00e9 d\u00edt\u011b z rodiny, kter\u00e9 m\u011blo r\u00e1do knihy, kdy\u017e jsem dostala na r\u016fzn\u00e9 sv\u00e1tky nebo narozeniny. A nap\u0159\u00edklad kdy\u017e byly V\u00e1noce, tak jsem dostala t\u0159eba p\u011bt knih. Samoz\u0159ejm\u011b, \u017ee m\u011b bavily ze za\u010d\u00e1tku pouze sam\u00e9 poh\u00e1dky anebo takov\u00e9 kr\u00e1sn\u00e9 p\u0159\u00edb\u011bhy, kter\u00e9 kon\u010d\u00ed vesele. Postupem \u010dasu jsem se taky za\u010dala p\u0159eorientov\u00e1vat na encyklopedie. Proto\u017ee m\u011b velice zaj\u00edmal \u017eivot v\u0161ech zv\u00ed\u0159at. A to hlavn\u011b ti podmo\u0159\u0161t\u00ed \u017eivo\u010dichov\u00e9. Zaj\u00edmala jsem se o takovou v\u011bdu, kter\u00e1 se zaj\u00edm\u00e1 o mo\u0159skou biologii. Abych v\u00e1m pravdu \u0159ekla, tak je to velice zaj\u00edmav\u00fd obor, kter\u00fd jenom tak nikdy neuvid\u00edte. Pokud nem\u00e1te takov\u00e9 z\u00e1kladn\u00ed znalosti, tak v\u00e1s to mo\u017en\u00e1 ani nebude tolik\u00a0l\u00e1kat.Proto\u017ee pokud budete m\u00edt skv\u011bl\u00e9 z\u00e1kladn\u00ed v\u011bdeck\u00e9 znalosti o podmo\u0159sk\u00e9m sv\u011bt\u011b, tak mi v\u011b\u0159te, \u017ee v\u00e1s to postupem \u010dasu bude opravdu v\u00edce zaj\u00edmat, proto\u017ee tomu nebudete ani cht\u00edt v\u011b\u0159it. Mo\u0159sk\u00fd sv\u011bt je v\u011bda sama o sob\u011b. Je to v\u011bda, o kter\u00e9 by se m\u011bl dozv\u011bd\u011bt alespo\u0148 tro\u0161i\u010dku ka\u017ed\u00fd \u010dlov\u011bk. Proto\u017ee si mysl\u00edm, \u017ee mnoho lid\u00ed ani nev\u00ed, co to na sv\u011bt\u011b v\u0161echno je\u0161t\u011b je.Mysl\u00edm si, \u017ee je opravdu m\u00e1lo\u00a0v\u011bdeck\u00fdch\u00a0knih, kter\u00e9 jsou lidem a \u0161ir\u0161\u00ed ve\u0159ejnosti dostupn\u00e9. Podle m\u00e9ho n\u00e1zoru by m\u011blo b\u00fdt v\u00edce knih, zam\u011b\u0159en\u00e9 k v\u011bd\u011bn\u00ed, abys mnoho lid\u00ed uv\u011bdomilo, v jak\u00e9m sv\u011bt\u011b to \u017eijeme. Nen\u00ed to jenom poh\u00e1dka anebo \u010derven\u00e1 knihovna, ale je to je krut\u00e1 realita, se kterou bychom si my jako lid\u00e9 m\u011bli um\u011bt poradit. Nebo co si o tom\u00a0mysl\u00edte\u00a0vy, \u017ee je toho na\u00a0zemi\u00a0tolik, \u017ee mnoho lid\u00ed o tom ani nev\u00ed? Proto je tady od toho v\u011bda a v\u011bdci, kte\u0159\u00ed n\u00e1m\u00a0ukazuj\u00ed\u00a0sv\u011bt jin\u00fdma o\u010dima. A proto si mysl\u00edm, \u017ee by lid\u00e9 se m\u011bli v\u00edce vzd\u011bl\u00e1vat, aby v\u011bdci d\u00e1vali sv\u00e9 znalosti sv\u011btu v\u00edce.                                                                                                                                                                                                                                                                                                                                                                                        5\/5 - (1 vote)        "},{"@context":"https:\/\/schema.org\/","@type":"BreadcrumbList","itemListElement":[{"@type":"ListItem","position":1,"name":"Podmo\u0159sk\u00fd sv\u011bt","item":"https:\/\/www.dvkk.cz\/podmorsky-svet\/#breadcrumbitem"}]}]