[{"@context":"https:\/\/schema.org\/","@type":"Article","@id":"https:\/\/www.dvkk.cz\/poridte-sve-pritelkyni-cyklodres-silvini-calvana\/#Article","mainEntityOfPage":"https:\/\/www.dvkk.cz\/poridte-sve-pritelkyni-cyklodres-silvini-calvana\/","headline":"Po\u0159i\u010fte sv\u00e9 p\u0159\u00edtelkyni cyklodres Silvini Calvana","name":"Po\u0159i\u010fte sv\u00e9 p\u0159\u00edtelkyni cyklodres Silvini Calvana","description":"Chyst\u00e1te se na dovolenou do Ji\u017en\u00edch \u010cech a m\u00e1te ji\u017e zaji\u0161t\u011bn\u00e9 ubytov\u00e1n\u00ed v soukrom\u00e9m rodinn\u00e9m penzionu? Cht\u011bli byste pro\u017e\u00edt aktivn\u00ed t\u00fdden v cyklistick\u00e9m sedle a procestovat T\u0159ebo\u0148sko, \u010ceskokrumlovsko a oblast \u010cesk\u00e9 Kanady? Tato m\u00edsta pat\u0159\u00ed k nejkr\u00e1sn\u011bj\u0161\u00edm na jihu \u010cech a pro cyklisty je to vysloven\u00fd r\u00e1j, co\u017e v\u00e1m mimo jin\u00e9 potvrd\u00ed i hust\u00e1 s\u00ed\u0165 [&hellip;]","datePublished":"2024-09-22","dateModified":"2024-09-22","author":{"@type":"Person","@id":"https:\/\/www.dvkk.cz\/author\/#Person","name":"","url":"https:\/\/www.dvkk.cz\/author\/","identifier":1,"image":{"@type":"ImageObject","@id":"https:\/\/secure.gravatar.com\/avatar\/a1f3afbcba6a2c855138f9932fa7e5ab7d93bdcdef3da88e8b7e3a89881e43e8?s=96&d=mm&r=g","url":"https:\/\/secure.gravatar.com\/avatar\/a1f3afbcba6a2c855138f9932fa7e5ab7d93bdcdef3da88e8b7e3a89881e43e8?s=96&d=mm&r=g","height":96,"width":96}},"publisher":{"@type":"Organization","name":"dvkk.cz","logo":{"@type":"ImageObject","@id":"\/logo.png","url":"\/logo.png","width":600,"height":60}},"image":{"@type":"ImageObject","@id":"https:\/\/www.dvkk.cz\/wp-content\/uploads\/cycling-5845317_640.jpg","url":"https:\/\/www.dvkk.cz\/wp-content\/uploads\/cycling-5845317_640.jpg","height":0,"width":0},"url":"https:\/\/www.dvkk.cz\/poridte-sve-pritelkyni-cyklodres-silvini-calvana\/","about":["Podnik\u00e1n\u00ed"],"wordCount":409,"articleBody":"   Chyst\u00e1te se na dovolenou do Ji\u017en\u00edch \u010cech a m\u00e1te ji\u017e zaji\u0161t\u011bn\u00e9 ubytov\u00e1n\u00ed v soukrom\u00e9m rodinn\u00e9m penzionu? Cht\u011bli byste pro\u017e\u00edt aktivn\u00ed t\u00fdden v cyklistick\u00e9m sedle a procestovat T\u0159ebo\u0148sko, \u010ceskokrumlovsko a oblast \u010cesk\u00e9 Kanady? Tato m\u00edsta pat\u0159\u00ed k nejkr\u00e1sn\u011bj\u0161\u00edm na jihu \u010cech a pro cyklisty je to vysloven\u00fd r\u00e1j, co\u017e v\u00e1m mimo jin\u00e9 potvrd\u00ed i hust\u00e1 s\u00ed\u0165 dob\u0159e zna\u010den\u00fdch cyklotras. K rekrea\u010dn\u00ed cyklistice v chladn\u011bj\u0161\u00edm obdob\u00ed roku, nap\u0159\u00edklad v kv\u011btnu nebo v z\u00e1\u0159\u00ed, kdy jsou sp\u00ed\u0161e chladn\u00e1 r\u00e1na a chladn\u011bj\u0161\u00ed ve\u010dery, bude nezbytn\u00e9 opat\u0159it vhodn\u00e9 cyklistick\u00e9 oble\u010den\u00ed a p\u0159i t\u00e9to p\u0159\u00edle\u017eitosti byste mohl, pokud jste mu\u017e, obstarat sv\u00e9 p\u0159\u00edtelkyni (t\u0159eba jako d\u00e1rek k narozenin\u00e1m) Silvini dres, nap\u0159\u00edklad W cyklodres Silvini Calvana v syt\u011b \u010derven\u00e9 barv\u011b. Pro\u010d pr\u00e1v\u011b up\u0159ednostnit tento model?Zateplen\u00ed \u2013 pro vyj\u00ed\u017e\u010fky na kole brzy zr\u00e1na nebo pro podve\u010dern\u00ed putov\u00e1n\u00ed romantickou krajinou Blansk\u00e9ho lesa p\u0159i teplot\u00e1ch mezi dvan\u00e1cti a \u0161estn\u00e1cti stupni Celsia bude vhodn\u00e9 vyu\u017e\u00edt m\u00edrn\u011b zateplen\u00e9 textilie v kombinaci polyesteru a elastanu, na jej\u00edm\u017e v\u00fdvoji se pod\u00edlel t\u00fdm odborn\u00edk\u016f Roman Kreuziger Cycling Academy. Mimochodem Roman Kreuziger je jm\u00e9no zn\u00e1m\u00e9 snad ka\u017ed\u00e9mu cyklistovi v na\u0161\u00ed zemi, py\u0161n\u00ed se j\u00edm otec a syn, oba \u0161pi\u010dkov\u00ed cyklist\u00e9, kte\u0159\u00ed \u00fasp\u011b\u0161n\u011b reprezentovali republiku v cyklokrosu \u010di v silni\u010dn\u00ed cyklistice.\u010cerven\u00e1 barva \u2013 \u010derven\u00e1 je velmi v\u00fdrazn\u00e1 barva, kter\u00e1 upout\u00e1 pozornost ji\u017e na velmi dlouhou vzd\u00e1lenost. P\u0159isp\u00edv\u00e1 se t\u00edm i k v\u011bt\u0161\u00ed bezpe\u010dnosti ka\u017ed\u00e9ho cyklisty, i kdy\u017e se jedn\u00e1 o j\u00edzdu mimo hlavn\u00ed silni\u010dn\u00ed tahy. \u010cerven\u00e1 tak\u00e9 dob\u0159e podtrhuje kr\u00e1su \u017eensk\u00e9ho t\u011bla a obli\u010deje, co\u017e plat\u00ed jak pro brunety, tak i pro blond\u00fdnky. Tento dres m\u00e1 tak\u00e9 k dispozici bezpe\u010dnostn\u00ed reflexn\u00ed prvky.Zadn\u00ed kapsy \u2013 ka\u017ed\u00fd dob\u0159e zhotoven\u00fd cyklodres by m\u011bl m\u00edt t\u0159i zadn\u00ed kapsy, kam uschov\u00e1te kapesn\u00edk, br\u00fdle, pen\u011b\u017eenku, kl\u00ed\u010de, n\u00e1hradn\u00ed pono\u017eky a tak\u00e9 sva\u010dinu, nap\u0159\u00edklad v podob\u011b sm\u011bsi su\u0161en\u00e9ho ovoce a o\u0159ech\u016f nebo RAW ovocn\u00e9 ty\u010dinky s o\u0159\u00ed\u0161ky a \u010dokol\u00e1dou nebo jogurtovou polevou.                                                                                                                                                                                                                                                                                                                                                                                          2\/5 - (1 vote)        "},{"@context":"https:\/\/schema.org\/","@type":"BreadcrumbList","itemListElement":[{"@type":"ListItem","position":1,"name":"Po\u0159i\u010fte sv\u00e9 p\u0159\u00edtelkyni cyklodres Silvini Calvana","item":"https:\/\/www.dvkk.cz\/poridte-sve-pritelkyni-cyklodres-silvini-calvana\/#breadcrumbitem"}]}]