[{"@context":"https:\/\/schema.org\/","@type":"Article","@id":"https:\/\/www.dvkk.cz\/proc-je-svetelne-znecisteni-takovym-problemem\/#Article","mainEntityOfPage":"https:\/\/www.dvkk.cz\/proc-je-svetelne-znecisteni-takovym-problemem\/","headline":"Pro\u010d je sv\u011bteln\u00e9 zne\u010di\u0161t\u011bn\u00ed takov\u00fdm probl\u00e9mem?","name":"Pro\u010d je sv\u011bteln\u00e9 zne\u010di\u0161t\u011bn\u00ed takov\u00fdm probl\u00e9mem?","description":"O sv\u011bteln\u00e9m zne\u010di\u0161t\u011bn\u00ed ji\u017e sly\u0161el pravd\u011bpodobn\u011b ka\u017ed\u00fd z\u00a0n\u00e1s. Znamen\u00e1 jednodu\u0161e to, \u017ee ji\u017e v\u00a0noci nen\u00ed skute\u010dn\u00e1 tma, alespo\u0148 tedy ne ve m\u011bstech a na vesnic\u00edch. V\u0161ude m\u00e1me pouli\u010dn\u00ed lampy, na ulic\u00edch sv\u00edt\u00ed neonov\u00e9 reklamn\u00ed tabule. Je pochopiteln\u00e9, \u017ee n\u011bco takov\u00e9ho na n\u00e1s mus\u00ed m\u00edt vliv. \u00a0 \u00a0 T\u00edm asi nejd\u016fle\u017eit\u011bj\u0161\u00edm je sn\u00ed\u017een\u00ed kvality sp\u00e1nku. Ta [&hellip;]","datePublished":"2023-11-30","dateModified":"2023-11-30","author":{"@type":"Person","@id":"https:\/\/www.dvkk.cz\/author\/#Person","name":"","url":"https:\/\/www.dvkk.cz\/author\/","identifier":1,"image":{"@type":"ImageObject","@id":"https:\/\/secure.gravatar.com\/avatar\/a1f3afbcba6a2c855138f9932fa7e5ab7d93bdcdef3da88e8b7e3a89881e43e8?s=96&d=mm&r=g","url":"https:\/\/secure.gravatar.com\/avatar\/a1f3afbcba6a2c855138f9932fa7e5ab7d93bdcdef3da88e8b7e3a89881e43e8?s=96&d=mm&r=g","height":96,"width":96}},"publisher":{"@type":"Organization","name":"dvkk.cz","logo":{"@type":"ImageObject","@id":"\/logo.png","url":"\/logo.png","width":600,"height":60}},"image":{"@type":"ImageObject","@id":"https:\/\/www.dvkk.cz\/wp-content\/uploads\/svetznecisteni1.jpg","url":"https:\/\/www.dvkk.cz\/wp-content\/uploads\/svetznecisteni1.jpg","height":0,"width":0},"url":"https:\/\/www.dvkk.cz\/proc-je-svetelne-znecisteni-takovym-problemem\/","about":["V\u011bda"],"wordCount":436,"articleBody":"O sv\u011bteln\u00e9m zne\u010di\u0161t\u011bn\u00ed ji\u017e sly\u0161el pravd\u011bpodobn\u011b ka\u017ed\u00fd z\u00a0n\u00e1s. Znamen\u00e1 jednodu\u0161e to, \u017ee ji\u017e v\u00a0noci nen\u00ed skute\u010dn\u00e1 tma, alespo\u0148 tedy ne ve m\u011bstech a na vesnic\u00edch. V\u0161ude m\u00e1me pouli\u010dn\u00ed lampy, na ulic\u00edch sv\u00edt\u00ed neonov\u00e9 reklamn\u00ed tabule. Je pochopiteln\u00e9, \u017ee n\u011bco takov\u00e9ho na n\u00e1s mus\u00ed m\u00edt vliv.\u00a0\u00a0T\u00edm asi nejd\u016fle\u017eit\u011bj\u0161\u00edm je sn\u00ed\u017een\u00ed kvality sp\u00e1nku. Ta z\u00e1vis\u00ed na produkci hormonu melatoninu, kter\u00fd je produkov\u00e1n pr\u00e1v\u011b v\u00a0dob\u011b, kdy je m\u00e1lo sv\u011btla. A \u010d\u00edm m\u00e9n\u011b ho je, t\u00edm v\u00edce jej m\u00e1me v\u00a0t\u011ble, a t\u00edm l\u00e9pe se tak\u00e9 vysp\u00edme. Pokud jej v\u0161ak m\u00e1me m\u00e1lo, je n\u00e1\u0161 sp\u00e1nek trhan\u00fd, tak\u017ee si rozhodn\u011b neodpo\u010dineme tak, jak bychom m\u011bli. Z\u00a0dlouhodob\u00e9ho hlediska to pak m\u016f\u017ee p\u0159in\u00e9st i ur\u010dit\u00e9 zdravotn\u00ed n\u00e1sledky.\u00a0P\u0159em\u00edra sv\u011btla v\u0161ak neovliv\u0148uje pouze n\u00e1s, ale tak\u00e9 ostatn\u00ed \u017eivo\u010dichy, kte\u0159\u00ed v\u00a0bl\u00edzkosti m\u011bst \u017eij\u00ed. I jim se tak pomot\u00e1 denn\u00ed a no\u010dn\u00ed cyklus. M\u016f\u017eeme tak vid\u011bt i zv\u00ed\u0159ata, kter\u00e1 jsou b\u011b\u017en\u011b aktivn\u00ed p\u0159es den, najednou b\u00fdt venku i v\u00a0noci. A o tom, \u017ee i na n\u011b to m\u00e1 negativn\u00ed dopad, nen\u00ed sporu.\u00a0\u00a0Probl\u00e9m je tak\u00e9 v\u00a0tom, \u017ee se v\u00a0tomto ohledu situace st\u00e1le zhor\u0161uje. Lid\u00e9 cht\u011bj\u00ed m\u00edt osv\u011btlen\u00e9 ulice, aby se na nich i v\u00a0noci c\u00edtili bezpe\u010dn\u011b \u2013 jako denn\u00ed tvorov\u00e9 m\u00e1me vrozenou ur\u010ditou nervozitu ze tmy, pokud nejsme na m\u00edst\u011b, kde se c\u00edt\u00edme absolutn\u011b v\u00a0bezpe\u010d\u00ed, jako nap\u0159\u00edklad u sebe doma.\u00a0Stejn\u011b tak obchody, kter\u00e9 cht\u011bj\u00ed z\u00edskat co nejv\u00edce z\u00e1kazn\u00edk\u016f, vyv\u011b\u0161uj\u00ed r\u016fzn\u00e9 sv\u00edt\u00edc\u00ed cedule a billboardy, aby p\u0159it\u00e1hli pozornost co nejv\u011bt\u0161\u00edho po\u010dtu lid\u00ed. O tom, jak\u00e9 to m\u00e1 dopady, asi nen\u00ed pot\u0159eba se v\u00edce rozv\u00e1d\u011bt.\u00a0V\u00a0sou\u010dasn\u00e9 dob\u011b bohu\u017eel nen\u00ed v\u016fle s\u00a0t\u00edmto probl\u00e9mem cokoliv d\u011blat. V\u011bt\u0161in\u011b lid\u00ed toti\u017e tato situace vyhovuje, nebo\u0165 si neuv\u011bdomuj\u00ed, jak\u00fd negativn\u00ed vliv na n\u011b m\u00e1. A to je \u0161koda, nebo\u0165 si t\u00edm podlamujeme vlastn\u00ed zdrav\u00ed, co\u017e je n\u011bco, \u010deho bychom se rozhodn\u011b m\u011bli vyvarovat. Kdy\u017e se pak toti\u017e objev\u00ed zdravotn\u00ed probl\u00e9my, je u\u017e \u010dasto pozd\u011b na to sna\u017eit se n\u011bco napravit.                                                                                                                                                                                                                                                                                                                                                                                        4.5\/5 - (2 votes)        "},{"@context":"https:\/\/schema.org\/","@type":"BreadcrumbList","itemListElement":[{"@type":"ListItem","position":1,"name":"Pro\u010d je sv\u011bteln\u00e9 zne\u010di\u0161t\u011bn\u00ed takov\u00fdm probl\u00e9mem?","item":"https:\/\/www.dvkk.cz\/proc-je-svetelne-znecisteni-takovym-problemem\/#breadcrumbitem"}]}]