[{"@context":"https:\/\/schema.org\/","@type":"Article","@id":"https:\/\/www.dvkk.cz\/proc-je-vhodne-nosit-slunecni-bryle-po-cely-rok\/#Article","mainEntityOfPage":"https:\/\/www.dvkk.cz\/proc-je-vhodne-nosit-slunecni-bryle-po-cely-rok\/","headline":"Pro\u010d je vhodn\u00e9 nosit slune\u010dn\u00ed br\u00fdle po cel\u00fd rok","name":"Pro\u010d je vhodn\u00e9 nosit slune\u010dn\u00ed br\u00fdle po cel\u00fd rok","description":"V\u011bt\u0161ina lid\u00ed nos\u00ed slune\u010dn\u00ed br\u00fdle jen p\u0159i tepl\u00fdch slune\u010dn\u00edch dn\u00ed. Ale slune\u010dn\u00ed paprsky pronikaj\u00ed st\u00e1le, i kdy\u017e v men\u0161\u00ed intenzit\u011b i p\u0159i zimn\u00edch dnech nebo kdy\u017e je pod mrakem. Kdo m\u00e1 dioptrick\u00e9 br\u00fdle, tak je mo\u017en\u00e9 si nechat ud\u011blat samozatmavov\u00e1n\u00ed skel a t\u00edm m\u00edt ochranu zraku po cel\u00fd rok. Ale samoz\u0159ejm\u011b nejv\u00edce je t\u0159eba zrak [&hellip;]","datePublished":"2022-08-19","dateModified":"2022-08-19","author":{"@type":"Person","@id":"https:\/\/www.dvkk.cz\/author\/#Person","name":"","url":"https:\/\/www.dvkk.cz\/author\/","identifier":1,"image":{"@type":"ImageObject","@id":"https:\/\/secure.gravatar.com\/avatar\/a1f3afbcba6a2c855138f9932fa7e5ab7d93bdcdef3da88e8b7e3a89881e43e8?s=96&d=mm&r=g","url":"https:\/\/secure.gravatar.com\/avatar\/a1f3afbcba6a2c855138f9932fa7e5ab7d93bdcdef3da88e8b7e3a89881e43e8?s=96&d=mm&r=g","height":96,"width":96}},"publisher":{"@type":"Organization","name":"dvkk.cz","logo":{"@type":"ImageObject","@id":"\/logo.png","url":"\/logo.png","width":600,"height":60}},"image":{"@type":"ImageObject","@id":"https:\/\/www.dvkk.cz\/wp-content\/uploads\/portrait-gdbe7a031e_640_2.jpg","url":"https:\/\/www.dvkk.cz\/wp-content\/uploads\/portrait-gdbe7a031e_640_2.jpg","height":0,"width":0},"url":"https:\/\/www.dvkk.cz\/proc-je-vhodne-nosit-slunecni-bryle-po-cely-rok\/","wordCount":445,"articleBody":"   V\u011bt\u0161ina lid\u00ed nos\u00ed slune\u010dn\u00ed br\u00fdle jen p\u0159i tepl\u00fdch slune\u010dn\u00edch dn\u00ed. Ale slune\u010dn\u00ed paprsky pronikaj\u00ed st\u00e1le, i kdy\u017e v men\u0161\u00ed intenzit\u011b i p\u0159i zimn\u00edch dnech nebo kdy\u017e je pod mrakem. Kdo m\u00e1 dioptrick\u00e9 br\u00fdle, tak je mo\u017en\u00e9 si nechat ud\u011blat samozatmavov\u00e1n\u00ed skel a t\u00edm m\u00edt ochranu zraku po cel\u00fd rok.Ale samoz\u0159ejm\u011b nejv\u00edce je t\u0159eba zrak chr\u00e1nit kvalitn\u00edmi slune\u010dn\u00edmi br\u00fdlemi hlavn\u011b p\u0159i siln\u00e9m slune\u010dn\u00edm svitu. Br\u00fdle se tak\u00e9 dob\u0159e hod\u00ed i do auta. A to hlavn\u011b pokud jedete r\u00e1no na v\u00fdchod a v noci na z\u00e1pad. V takov\u00fdch p\u0159\u00edpadech dok\u00e1\u017ee slunce velice oslnit a cel\u00e1 situace tak m\u016f\u017ee b\u00fdt velmi nebezpe\u010dn\u00e1. Proto se hod\u00ed m\u00edt slune\u010dn\u00ed br\u00fdle v aut\u011b v\u017edy p\u0159ipraven\u00e9. Velmi obl\u00edben\u00e9 jsou tak\u00e9 slune\u010dn\u00ed br\u00fdle p\u00e1nsk\u00e9 polariza\u010dn\u00ed. Ty odfiltrov\u00e1vaj\u00ed ur\u010ditou \u010d\u00e1st slune\u010dn\u00edho sv\u011btla, kter\u00e1 je lidsk\u00e9mu oku nep\u0159\u00edjemn\u00e1 a vy tak uvid\u00edte mnohem l\u00e9pe a jasn\u011bji. Je t\u0159eba si vybrat opravdu kvalitn\u00ed br\u00fdle se silnou ochranou UV. Vyr\u00e1b\u00ed se mnoho br\u00fdl\u00ed r\u016fzn\u00e9ho tvaru a v r\u016fzn\u00e9m stylu. Proto si vybrat m\u016f\u017ee opravdu ka\u017ed\u00fd podle sv\u00e9ho po\u017eadavku, kter\u00fd od br\u00fdl\u00ed m\u00e1. Zda to maj\u00ed b\u00fdt sp\u00ed\u0161e sportovn\u00ed br\u00fdle anebo br\u00fdle le\u017e\u00e9rn\u00ed, spole\u010densk\u00e9 anebo br\u00fdle v\u00fdrazn\u00e9. Je dobr\u00e9 m\u00edt tak\u00e9 v\u00edce slune\u010dn\u00edch br\u00fdl\u00ed a nechat jedny nap\u0159\u00edklad v aut\u011b.Samoz\u0159ejmost\u00ed by m\u011blo b\u00fdt tak\u00e9 to, \u017ee budete m\u00edt na br\u00fdl\u00edch i ochrann\u00e9 pouzdro. Slune\u010dn\u00ed br\u00fdle se sund\u00e1vaj\u00ed mnohem \u010dast\u011bji ne\u017e ty dioptrick\u00e9. Hlavn\u011b po ka\u017ed\u00e9m p\u0159\u00edchodu do m\u00edstnosti, nebo pokud mluv\u00edte s druhou osobou. Proto je nutn\u00e9 nezapom\u00ednat pouzdro na br\u00fdle, kter\u00e9 zajist\u00ed, \u017ee se br\u00fdle neo\u0161kr\u00e1bou, neod\u0159ou a t\u00edm prodlou\u017e\u00edte jejich dobr\u00fd stav na dlouh\u00e9 m\u011bs\u00edce.Slune\u010dn\u00ed br\u00fdle jsou vhodn\u00e9 i u d\u011bt\u00ed, ale ne \u00fapln\u011b u t\u011bch nejmen\u0161\u00edch. Jejich zrak, tedy \u010do\u010dka se nejd\u0159\u00edve mus\u00ed nau\u010dit spr\u00e1vn\u011b reagovat na slune\u010dn\u00ed z\u00e1\u0159en\u00ed. Jinak jsou slune\u010dn\u00ed br\u00fdle vhodn\u00e9 pro celou rodinu. A je dobr\u00e9 j\u00edt i sv\u00fdm d\u011btem p\u0159\u00edkladem a u\u010dit je, \u017ee je t\u0159eba db\u00e1t a chr\u00e1nit lidsk\u00fd zrak.                                                                                                                                                                                                                                                                                                                                                                                          5\/5 - (5 votes)        "},{"@context":"https:\/\/schema.org\/","@type":"BreadcrumbList","itemListElement":[{"@type":"ListItem","position":1,"name":"Pro\u010d je vhodn\u00e9 nosit slune\u010dn\u00ed br\u00fdle po cel\u00fd rok","item":"https:\/\/www.dvkk.cz\/proc-je-vhodne-nosit-slunecni-bryle-po-cely-rok\/#breadcrumbitem"}]}]