[{"@context":"https:\/\/schema.org\/","@type":"Article","@id":"https:\/\/www.dvkk.cz\/shanite-krajku\/#Article","mainEntityOfPage":"https:\/\/www.dvkk.cz\/shanite-krajku\/","headline":"Sh\u00e1n\u00edte krajku?","name":"Sh\u00e1n\u00edte krajku?","description":"Co se m\u011b t\u00fdk\u00e1, pova\u017euji \u017eeny oble\u010den\u00e9 do n\u011b\u010deho z krajky nebo s krajkou za daleko hez\u010d\u00ed ne\u017e ty, je\u017e na sob\u011b nic nemaj\u00ed. Jejda \u2013 mysl\u00edm ne\u017e ty, je\u017e na sob\u011b nemaj\u00ed nic krajkov\u00e9ho. \u017deny obdivuji, a\u0165 u\u017e na sob\u011b maj\u00ed dejme tomu svatebn\u00ed \u0161aty s krajkou, krajkov\u00e9 pr\u00e1dlo nebo cokoliv mezi t\u00edm. Proto\u017ee [&hellip;]","datePublished":"2025-05-05","dateModified":"2025-05-05","author":{"@type":"Person","@id":"https:\/\/www.dvkk.cz\/author\/#Person","name":"","url":"https:\/\/www.dvkk.cz\/author\/","identifier":1,"image":{"@type":"ImageObject","@id":"https:\/\/secure.gravatar.com\/avatar\/a1f3afbcba6a2c855138f9932fa7e5ab7d93bdcdef3da88e8b7e3a89881e43e8?s=96&d=mm&r=g","url":"https:\/\/secure.gravatar.com\/avatar\/a1f3afbcba6a2c855138f9932fa7e5ab7d93bdcdef3da88e8b7e3a89881e43e8?s=96&d=mm&r=g","height":96,"width":96}},"publisher":{"@type":"Organization","name":"dvkk.cz","logo":{"@type":"ImageObject","@id":"\/logo.png","url":"\/logo.png","width":600,"height":60}},"image":{"@type":"ImageObject","@id":"https:\/\/www.dvkk.cz\/wp-content\/uploads\/kr.jpg","url":"https:\/\/www.dvkk.cz\/wp-content\/uploads\/kr.jpg","height":0,"width":0},"url":"https:\/\/www.dvkk.cz\/shanite-krajku\/","about":["Nakupov\u00e1n\u00ed"],"wordCount":427,"articleBody":"      Co se m\u011b t\u00fdk\u00e1, pova\u017euji \u017eeny oble\u010den\u00e9 do n\u011b\u010deho z krajky nebo s krajkou za daleko hez\u010d\u00ed ne\u017e ty, je\u017e na sob\u011b nic nemaj\u00ed. Jejda \u2013 mysl\u00edm ne\u017e ty, je\u017e na sob\u011b nemaj\u00ed nic krajkov\u00e9ho. \u017deny obdivuji, a\u0165 u\u017e na sob\u011b maj\u00ed dejme tomu svatebn\u00ed \u0161aty s krajkou, krajkov\u00e9 pr\u00e1dlo nebo cokoliv mezi t\u00edm. Proto\u017ee se mi jev\u00ed b\u00fdt krajkov\u00e9 oble\u010den\u00ed hezk\u00e9 a i ty nejkr\u00e1sn\u011bj\u0161\u00ed z \u017een je\u0161t\u011b v\u00edce zdokonaluj\u00edc\u00ed. Ale krajky se mi pochopiteln\u011b nel\u00edb\u00ed jenom na \u017een\u00e1ch. L\u00edb\u00ed se mi i jinde. I kdy\u017e jsou dejme tomu na stolech a stolc\u00edch v podob\u011b n\u011bjak\u00fdch ubrus\u016f nebo prost\u00edr\u00e1n\u00ed, i kdy\u017e jsou na oknech ve form\u011b z\u00e1clon, i kdy\u017e\u2026 Je prost\u011b cel\u00e1 \u0159ada zp\u016fsob\u016f, jak se daj\u00ed krajky vyu\u017e\u00edt. D\u00e1 se toho z nich vyrobit skute\u010dn\u011b hodn\u011b. I mali\u010dkosti, i docela velk\u00e9 v\u00fdrobky. Krajky a madeiry u\u017e dnes toti\u017e nejsou tak vz\u00e1cn\u00fdmi materi\u00e1ly, jak\u00fdmi byly kdysi. Zat\u00edmco v d\u0159\u00edv\u011bj\u0161\u00edch dob\u00e1ch byla jejich v\u00fdroba pipla\u010dka, kter\u00e9 se v\u011bnovali chud\u00ed lid\u00e9 po dlouh\u00e9 hodiny ve snaze vyd\u011blat si na \u017eivobyt\u00ed, dnes u\u017e jsou tyto materi\u00e1ly vyr\u00e1b\u011bny ve velk\u00e9m, pr\u016fmyslov\u011b, a t\u00edm p\u00e1dem je jich na trhu nejen dost, ale tak\u00e9 u\u017e nejsou ani zdaleka tak drah\u00e9 jako kdysi. A stalo se z nich n\u011bco, co u\u017e si m\u016f\u017ee dovolit kdekdo. Co\u017e mi d\u011bl\u00e1 radost, proto\u017ee\u2026 Opakoval bych se, o tom u\u017e jsem tu psal v \u00favodu. A d\u011bl\u00e1 to radost i mnoha jin\u00fdm lidem. T\u0159eba i t\u011bm kreativn\u00edm, kte\u0159\u00ed si r\u00e1di vyr\u00e1b\u011bj\u00ed hezk\u00e9 v\u011bci sami.Lid\u00e9, kte\u0159\u00ed se nespokojuj\u00ed s t\u00edm, co se jim na na\u0161em trhu nab\u00edz\u00ed, a cht\u011bj\u00ed n\u011bco skute\u010dn\u011b unik\u00e1tn\u00edho, si dnes u\u017e skute\u010dn\u011b mohou koupit krajky stejn\u011b jako spoustu nejr\u016fzn\u011bj\u0161\u00edch jin\u00fdch materi\u00e1l\u016f a tvo\u0159it z nich, co je jenom napadne. A kdy\u017e si zvol\u00ed k takov\u00e9mu n\u00e1kupu web, na kter\u00e9m je hodn\u011b \u0161irok\u00e1 nab\u00eddka, naj\u00ed to docela snadn\u00e9. Rychle a pohodln\u011b se\u017eenou v\u0161echno, co je jim pot\u0159eba, a mohou se pustit do d\u00edla. A pokud si pak \u017eena vezme na sebe n\u011bjak\u00fd vlastn\u00ed krajkov\u00fd v\u00fdtvor, ur\u010dit\u011b mne zaujme. A ur\u010dit\u011b ne jenom mne.                                                                                                                                                                                                                                                                                                                                                                                          4.5\/5 - (8 votes)        "},{"@context":"https:\/\/schema.org\/","@type":"BreadcrumbList","itemListElement":[{"@type":"ListItem","position":1,"name":"Sh\u00e1n\u00edte krajku?","item":"https:\/\/www.dvkk.cz\/shanite-krajku\/#breadcrumbitem"}]}]