[{"@context":"https:\/\/schema.org\/","@type":"Article","@id":"https:\/\/www.dvkk.cz\/sverte-nam-vasi-duveru\/#Article","mainEntityOfPage":"https:\/\/www.dvkk.cz\/sverte-nam-vasi-duveru\/","headline":"Sv\u011b\u0159te n\u00e1m Va\u0161i d\u016fv\u011bru","name":"Sv\u011b\u0159te n\u00e1m Va\u0161i d\u016fv\u011bru","description":"Bude ur\u010dit\u011b l\u00edbit. Restaurace Praha 8je p\u011bkn\u00e9. Koukn\u011bte se na na\u0161i webovou str\u00e1nku a prohl\u00e9dn\u011bte si nap\u0159\u00edklad na\u0161i fotogalerii, ve kter\u00e9 najdete fotky interi\u00e9ru, kter\u00fd je velice p\u011bkn\u011b stylizov\u00e1n. Ur\u010dit\u011b nebudete ni\u010deho litovat. Maxim\u00e1ln\u00ed spokojenost Va\u0161e spokojenost je pro n\u00e1s ta nejd\u016fle\u017eit\u011bj\u0161\u00ed v\u011bc. Chceme, abyste od n\u00e1s odch\u00e1zeli s dobr\u00fdmi pocity, proto se V\u00e1m budeme [&hellip;]","datePublished":"2024-10-15","dateModified":"2024-10-15","author":{"@type":"Person","@id":"https:\/\/www.dvkk.cz\/author\/#Person","name":"","url":"https:\/\/www.dvkk.cz\/author\/","identifier":1,"image":{"@type":"ImageObject","@id":"https:\/\/secure.gravatar.com\/avatar\/a1f3afbcba6a2c855138f9932fa7e5ab7d93bdcdef3da88e8b7e3a89881e43e8?s=96&d=mm&r=g","url":"https:\/\/secure.gravatar.com\/avatar\/a1f3afbcba6a2c855138f9932fa7e5ab7d93bdcdef3da88e8b7e3a89881e43e8?s=96&d=mm&r=g","height":96,"width":96}},"publisher":{"@type":"Organization","name":"dvkk.cz","logo":{"@type":"ImageObject","@id":"\/logo.png","url":"\/logo.png","width":600,"height":60}},"url":"https:\/\/www.dvkk.cz\/sverte-nam-vasi-duveru\/","wordCount":168,"articleBody":"Bude ur\u010dit\u011b l\u00edbit. Restaurace Praha 8je p\u011bkn\u00e9. Koukn\u011bte se na na\u0161i webovou str\u00e1nku a prohl\u00e9dn\u011bte si nap\u0159\u00edklad na\u0161i fotogalerii, ve kter\u00e9 najdete fotky interi\u00e9ru, kter\u00fd je velice p\u011bkn\u011b stylizov\u00e1n. Ur\u010dit\u011b nebudete ni\u010deho litovat.\tMaxim\u00e1ln\u00ed spokojenostVa\u0161e spokojenost je pro n\u00e1s ta nejd\u016fle\u017eit\u011bj\u0161\u00ed v\u011bc. Chceme, abyste od n\u00e1s odch\u00e1zeli s dobr\u00fdmi pocity, proto se V\u00e1m budeme sna\u017eit maxim\u00e1ln\u011b ve v\u0161em vyhov\u011bt. Nav\u00edc budete m\u00edt k dispozici kr\u00e1sn\u00fd hotel, tak\u017ee se po oslav\u011b m\u016f\u017eete rovnou p\u0159esunout do hotelu. Nen\u00ed to \u00fa\u017easn\u00e9? V letn\u00edm obdob\u00ed lze oslava zkombinovat i se zahradn\u00edm posezen\u00edm, kde je k dispozici gril a kr\u00e1sn\u00fd n\u00e1bytek. V na\u0161\u00ed restauraci naleznete i spousta kr\u00e1sn\u00fdch z\u00e1kout\u00ed, kter\u00e9 se hod\u00ed pro svatebn\u00ed fotky, tak na nic ne\u010dekejte a napi\u0161te n\u00e1m t\u0159eba hned.                                                                                                                                                                                                                                                                                                                                                                                                "},{"@context":"https:\/\/schema.org\/","@type":"BreadcrumbList","itemListElement":[{"@type":"ListItem","position":1,"name":"Sv\u011b\u0159te n\u00e1m Va\u0161i d\u016fv\u011bru","item":"https:\/\/www.dvkk.cz\/sverte-nam-vasi-duveru\/#breadcrumbitem"}]}]