[{"@context":"https:\/\/schema.org\/","@type":"Article","@id":"https:\/\/www.dvkk.cz\/vase-adoptivni-dite\/#Article","mainEntityOfPage":"https:\/\/www.dvkk.cz\/vase-adoptivni-dite\/","headline":"Va\u0161e adoptivn\u00ed d\u00edt\u011b","name":"Va\u0161e adoptivn\u00ed d\u00edt\u011b","description":"Ne v\u0161em rodi\u010d\u016fm, se poda\u0159ilo p\u0159ij\u00edt k jejich d\u00edt\u011bti p\u0159irozenou cestou a najdou se i rodiny, kter\u00e9 maj\u00ed adoptivn\u00ed potomky. I kdy\u017e je to neuv\u011b\u0159iteln\u00e1 cesta, d\u00edky kter\u00e9 se d\u00edt\u011b bez z\u00e1zem\u00ed m\u016f\u017ee dostat do \u00fapln\u00e9 a \u0161\u0165astn\u00e9 rodiny, kter\u00e1 ho bude milovat, mnoho lid\u00ed se s n\u00ed neztoto\u017e\u0148uje a naopak d\u00e1v\u00e1 takov\u00fdm d\u011btem poc\u00edtit, [&hellip;]","datePublished":"2025-06-24","dateModified":"2025-06-24","author":{"@type":"Person","@id":"https:\/\/www.dvkk.cz\/author\/#Person","name":"","url":"https:\/\/www.dvkk.cz\/author\/","identifier":1,"image":{"@type":"ImageObject","@id":"https:\/\/secure.gravatar.com\/avatar\/a1f3afbcba6a2c855138f9932fa7e5ab7d93bdcdef3da88e8b7e3a89881e43e8?s=96&d=mm&r=g","url":"https:\/\/secure.gravatar.com\/avatar\/a1f3afbcba6a2c855138f9932fa7e5ab7d93bdcdef3da88e8b7e3a89881e43e8?s=96&d=mm&r=g","height":96,"width":96}},"publisher":{"@type":"Organization","name":"dvkk.cz","logo":{"@type":"ImageObject","@id":"\/logo.png","url":"\/logo.png","width":600,"height":60}},"image":{"@type":"ImageObject","@id":"https:\/\/www.dvkk.cz\/wp-content\/uploads\/img_a336814_w2357_t1550080484.jpg","url":"https:\/\/www.dvkk.cz\/wp-content\/uploads\/img_a336814_w2357_t1550080484.jpg","height":0,"width":0},"url":"https:\/\/www.dvkk.cz\/vase-adoptivni-dite\/","wordCount":509,"articleBody":"Ne v\u0161em rodi\u010d\u016fm, se poda\u0159ilo p\u0159ij\u00edt k jejich d\u00edt\u011bti p\u0159irozenou cestou a najdou se i rodiny, kter\u00e9 maj\u00ed adoptivn\u00ed potomky. I kdy\u017e je to neuv\u011b\u0159iteln\u00e1 cesta, d\u00edky kter\u00e9 se d\u00edt\u011b bez z\u00e1zem\u00ed m\u016f\u017ee dostat do \u00fapln\u00e9 a \u0161\u0165astn\u00e9 rodiny, kter\u00e1 ho bude milovat, mnoho lid\u00ed se s n\u00ed neztoto\u017e\u0148uje a naopak d\u00e1v\u00e1 takov\u00fdm d\u011btem poc\u00edtit, \u017ee jsou ciz\u00ed.\tKdy\u017e va\u0161e d\u00edt\u011b nep\u0159ijme rodina\tNen\u00ed to pr\u00e1v\u011b z\u0159\u00eddkav\u00fd p\u0159\u00edpad, kdy se rodinn\u00fd p\u0159\u00edslu\u0161n\u00edci neztoto\u017en\u00ed s my\u0161lenkou, \u017ee jste si adoptovali d\u00edt\u011b. O to hor\u0161\u00ed to b\u00fdv\u00e1 v p\u0159\u00edpad\u011b, kdy\u017e poch\u00e1z\u00ed z jin\u00e9 etnick\u00e9 kultury, d\u00edky \u010demu se od v\u00e1s v\u00fdrazn\u011b li\u0161\u00ed. Po\u0159\u00e1d se v\u0161ak jedn\u00e1 o nevinn\u00e9 d\u00edt\u011b, kter\u00e9 nem\u016f\u017ee ovlivnit to, komu se narodilo a skute\u010dnost, \u017ee ho jeho rodi\u010de necht\u011bli.\tV p\u0159\u00edpad\u011b, \u017ee se setk\u00e1te s negativn\u00ed kritikou na to, \u017ee jste si dom\u016f p\u0159ivedli ciz\u00ed d\u00edt\u011b, nem\u00e1te jinou mo\u017enost, ne\u017e d\u00e1t va\u0161im rodinn\u00fdm p\u0159\u00edslu\u0161n\u00edk\u016fm najevo, \u017ee s nimi nesouhlas\u00edte. Kdy\u017e u\u017e se rozhodnete pro adopci, d\u00edt\u011b, kter\u00e9 v\u00e1m bude p\u0159id\u011blen\u00e9 si zamilujete a nebudete m\u00edt jinou mo\u017enost ne\u017e to, h\u00e1jit jeho \u010dest a chr\u00e1nit ho p\u0159ed lidmi, kte\u0159\u00ed mu cht\u011bj\u00ed pouze u\u0161kodit.\tJak se postarat o to, aby zapadlo mezi ostatn\u00ed?\tS t\u00edm, \u017ee je adoptovan\u00e9, se va\u0161e d\u00edt\u011b bude pot\u00fdkat cel\u00fd \u017eivot. Doba je v\u016f\u010di tomu sice otev\u0159en\u00e1, ale po\u0159\u00e1d se najdou lidi a i d\u011bti, kter\u00e9 budou soudit skute\u010dnost, \u017ee v\u00e1\u0161 potomek nen\u00ed tak \u00fapln\u011b v\u00e1\u0161.\tPomoci mu m\u016f\u017eete tak, \u017ee se mu budete sna\u017eit situaci mezi ostatn\u00edmi d\u011btmi zjednodu\u0161it tak, jak to jen jde. Zvedn\u011bte mu sebev\u011bdom\u00ed a dejte mu najevo, \u017ee se ni\u010d\u00edm neli\u0161\u00ed od ostatn\u00edch d\u011bt\u00ed v jeho v\u011bku a to, \u017ee jeho ko\u0159eny jsou zdaleka nic nem\u011bn\u00ed na tom, \u017ee je naprosto norm\u00e1ln\u00ed. Pokud ho vychov\u00e1te slu\u0161n\u011b a s t\u00edm, \u017ee bude v\u011bd\u011bt, co se sm\u00ed a co naopak nepat\u0159\u00ed, v\u011b\u0159te, \u017ee si najde dobr\u00e9 kamar\u00e1dy.\t\tM\u016f\u017ee se v\u0161ak setkat i s nep\u0159\u00edjemn\u00fdmi pozn\u00e1mkami o tom, \u017ee je jin\u00e9ho p\u016fvodu a \u017ee k nim nepat\u0159\u00ed. D\u011bti b\u00fdvaj\u00ed zlomysln\u00e9 a dok\u00e1\u017eou hodn\u011b urazit i slovn\u011b. Je v\u0161ak na v\u00e1s, abyste mu od mali\u010dka vysv\u011btlili, \u017ee je jedine\u010dn\u00e9 a vy ho budete milovat za v\u0161ech okolnost\u00ed, proto\u017ee je nejv\u011bt\u0161\u00edm \u0161t\u011bst\u00edm, jak\u00e9 v\u00e1m mohlo vstoupit do \u017eivota. A pr\u00e1v\u011b s t\u00edmto pocitem a my\u0161lenkou, se mu budou p\u0159ekon\u00e1vat p\u0159ek\u00e1\u017eky daleko snadn\u011bji, ne\u017e byste \u0159ekli.                                                                                                                                                                                                                                                                                                                                                                                        2.7\/5 - (4 votes)        "},{"@context":"https:\/\/schema.org\/","@type":"BreadcrumbList","itemListElement":[{"@type":"ListItem","position":1,"name":"Va\u0161e adoptivn\u00ed d\u00edt\u011b","item":"https:\/\/www.dvkk.cz\/vase-adoptivni-dite\/#breadcrumbitem"}]}]