[{"@context":"https:\/\/schema.org\/","@type":"Article","@id":"https:\/\/www.dvkk.cz\/vseobecna-moda\/#Article","mainEntityOfPage":"https:\/\/www.dvkk.cz\/vseobecna-moda\/","headline":"V\u0161eobecn\u00e1 m\u00f3da","name":"V\u0161eobecn\u00e1 m\u00f3da","description":"M\u00f3da je slovo, kter\u00e9 poch\u00e1z\u00ed z\u00a0francouzsk\u00e9ho mode. V\u00a0latin\u011b je to modus a tohle slovo znamen\u00e1 m\u00edra \u010di pravidlo. Slovo m\u00f3da ur\u010dovala jak se, co pou\u017e\u00edv\u00e1 \u010di d\u011bl\u00e1. Kdy\u017e \u0161el \u010das, tak se z\u00a0m\u00f3dy stalo mnoha v\u00fdznam\u016f. Moment\u00e1ln\u011b se m\u00f3da projevuje styl obl\u00e9k\u00e1n\u00ed. M\u00f3da je sou\u010d\u00e1st lidsk\u00e9ho \u017eivota ji\u017e po stalet\u00ed, kterou m\u016f\u017eeme ke v\u0161emu vn\u00edmat [&hellip;]","datePublished":"2023-05-03","dateModified":"2023-05-03","author":{"@type":"Person","@id":"https:\/\/www.dvkk.cz\/author\/#Person","name":"","url":"https:\/\/www.dvkk.cz\/author\/","identifier":1,"image":{"@type":"ImageObject","@id":"https:\/\/secure.gravatar.com\/avatar\/a1f3afbcba6a2c855138f9932fa7e5ab7d93bdcdef3da88e8b7e3a89881e43e8?s=96&d=mm&r=g","url":"https:\/\/secure.gravatar.com\/avatar\/a1f3afbcba6a2c855138f9932fa7e5ab7d93bdcdef3da88e8b7e3a89881e43e8?s=96&d=mm&r=g","height":96,"width":96}},"publisher":{"@type":"Organization","name":"dvkk.cz","logo":{"@type":"ImageObject","@id":"\/logo.png","url":"\/logo.png","width":600,"height":60}},"image":{"@type":"ImageObject","@id":"https:\/\/www.dvkk.cz\/wp-content\/uploads\/woman-1252185_1280_1.jpg","url":"https:\/\/www.dvkk.cz\/wp-content\/uploads\/woman-1252185_1280_1.jpg","height":0,"width":0},"url":"https:\/\/www.dvkk.cz\/vseobecna-moda\/","about":["M\u00f3da"],"wordCount":416,"articleBody":"M\u00f3da je slovo, kter\u00e9 poch\u00e1z\u00ed z\u00a0francouzsk\u00e9ho mode. V\u00a0latin\u011b je to modus a tohle slovo znamen\u00e1 m\u00edra \u010di pravidlo. Slovo m\u00f3da ur\u010dovala jak se, co pou\u017e\u00edv\u00e1 \u010di d\u011bl\u00e1. Kdy\u017e \u0161el \u010das, tak se z\u00a0m\u00f3dy stalo mnoha v\u00fdznam\u016f. Moment\u00e1ln\u011b se m\u00f3da projevuje styl obl\u00e9k\u00e1n\u00ed. M\u00f3da je sou\u010d\u00e1st lidsk\u00e9ho \u017eivota ji\u017e po stalet\u00ed, kterou m\u016f\u017eeme ke v\u0161emu vn\u00edmat v\u00a0jak\u00fdmkoliv jazykem. M\u00f3dn\u00ed trendy se ozna\u010duj\u00ed za nov\u00e9 \u010di slovn\u00ed spojen\u00ed. Co je nov\u00e9 je v\u017edy zv\u00fdrazn\u011bno v\u00a0kulturn\u00edch domech, ve v\u00fdloh\u00e1ch \u010di internetu. Styl obl\u00e9k\u00e1n\u00ed?D\u00e9lka od\u011bv\u016f \u2013 jedn\u00e1 se o kr\u00e1tk\u00fd \u010di del\u0161\u00ed sukn\u011b, kalhoty a tri\u010dka. Barevn\u00e9 od\u011bvy \u2013 jedn\u00e1 se o barevn\u00fd od\u011bvy, kter\u00e9 jsou jednobarevn\u00e9 \u010di v\u00edcebarevn\u00e9. R\u016fzn\u00e9 vzory od\u011bv\u016f \u2013 jedn\u00e1 se o r\u016fzn\u00e9 vzory od\u011bv\u016f (punt\u00edky, prou\u017eky, kruhy, kostky apod.) M\u00f3du m\u016f\u017eeme vn\u00edmat i p\u0159i jin\u00fdch mo\u017enostech, kter\u00e9?\u017divotn\u00ed styl \u2013 st\u00e1t se m\u00f3dn\u00edm (IPhone, iPad, vet\u0161\u00ed byt apod.) Kultura \u2013 divadlo, koncerty, kino apod. Um\u011bn\u00ed \u2013 opera, mal\u00ed\u0159stv\u00ed apod. \u00a0M\u00f3da je st\u00e1le m\u011bn\u00edc\u00ed se fenom\u00e9n. Nov\u00e9 trendy p\u0159ich\u00e1zej\u00ed a ty star\u0161\u00ed odch\u00e1zej\u00ed. M\u00f3da je neust\u00e1le ovlivn\u011bna mnoha zp\u016fsoby.Soci\u00e1ln\u00ed zm\u011bny Ekonomick\u00e9 situaceVliv zn\u00e1m\u00fdch osob \u2013 nap\u0159\u00edklad, kdy\u017e zn\u00e1m\u00e1 zp\u011bva\u010dka ud\u011bl\u00e1 reklamu na kosmetiku a hned j\u00ed m\u00e1 p\u0159es 1\u00a0000\u00a0000 obyvatel. P\u0159\u00edklady ve v\u011bt\u00e1ch: Od\u011bvy \u2013 V\u00a0roce 2021 bylo m\u00f3dn\u00ed nosit b\u00edl\u00e9 triko s\u00a0\u010dernou sukn\u00ed. Kultura \u2013 M\u00f3da je zav\u00e1zan\u00e1 s\u00a0kulturou a vz\u00e1jemn\u00fdmi zm\u011bnami. \u017divotn\u00ed styl \u2013 Je te\u010f v\u00a0m\u00f3d\u011b IPhone, z\u00edtra si ho zajdu koupit. Um\u011bn\u00ed \u2013 Mus\u00edme za\u010d\u00edt vytv\u00e1\u0159et, a\u0165 se t\u00e9\u017e staneme m\u00f3dn\u00edmi. Historie m\u00f3dy? Historie m\u00f3dy spad\u00e1 a\u017e do starov\u011bku. U\u017e i v\u00a0Egypt\u011b se lid\u00e9 zaj\u00edmali, jak se obl\u00e9kat a co je zrovna v\u00a0m\u00f3d\u011b. V\u00a0t\u00e9to dob\u011b to nebylo, tak d\u016fle\u017eit\u00e9 jako dnes. Lid\u00e9 se d\u0159\u00edve obl\u00e9kali podle n\u00e1bo\u017eenstv\u00ed a tradic\u00edm. Dnes? Se ka\u017ed\u00fd obl\u00e9k\u00e1 podle toho, co mu vyhovuje a za\u0159azuje m\u00f3dn\u00ed prvky. M\u00f3da byla a v\u017edy bude. Dokonce se objevovala v\u00a016.,18.,19.,20. stolet\u00ed.                                                                                                                                                                                                                                                                                                                                                                                         4\/5 - (4 votes)        "},{"@context":"https:\/\/schema.org\/","@type":"BreadcrumbList","itemListElement":[{"@type":"ListItem","position":1,"name":"V\u0161eobecn\u00e1 m\u00f3da","item":"https:\/\/www.dvkk.cz\/vseobecna-moda\/#breadcrumbitem"}]}]