[{"@context":"https:\/\/schema.org\/","@type":"Article","@id":"https:\/\/www.dvkk.cz\/vyuzitelne-kontejnery\/#Article","mainEntityOfPage":"https:\/\/www.dvkk.cz\/vyuzitelne-kontejnery\/","headline":"Vyu\u017eiteln\u00e9 kontejnery","name":"Vyu\u017eiteln\u00e9 kontejnery","description":"Zn\u00e1te skladovac\u00ed kontejner? J\u00e1 ho zn\u00e1m to moc dob\u0159e. J\u00e1 toti\u017e pracuji v pr\u00e1ci ve skladu, kde jsem se pr\u00e1v\u011b se skladovac\u00edm kontejnerem setk\u00e1vala opravdu ka\u017ed\u00fd den. Ale mus\u00edm zase na druhou stranu \u0159\u00edct, \u017ee m\u011b to opravdu bav\u00ed, nikdy nen\u00ed v pr\u00e1ci nuda. Tato pr\u00e1ce m\u011b bav\u00ed, a to taky proto, proto\u017ee tady m\u00e1me [&hellip;]","datePublished":"2022-06-19","dateModified":"2022-06-19","author":{"@type":"Person","@id":"https:\/\/www.dvkk.cz\/author\/#Person","name":"","url":"https:\/\/www.dvkk.cz\/author\/","identifier":1,"image":{"@type":"ImageObject","@id":"https:\/\/secure.gravatar.com\/avatar\/a1f3afbcba6a2c855138f9932fa7e5ab7d93bdcdef3da88e8b7e3a89881e43e8?s=96&d=mm&r=g","url":"https:\/\/secure.gravatar.com\/avatar\/a1f3afbcba6a2c855138f9932fa7e5ab7d93bdcdef3da88e8b7e3a89881e43e8?s=96&d=mm&r=g","height":96,"width":96}},"publisher":{"@type":"Organization","name":"dvkk.cz","logo":{"@type":"ImageObject","@id":"\/logo.png","url":"\/logo.png","width":600,"height":60}},"image":{"@type":"ImageObject","@id":"https:\/\/www.dvkk.cz\/wp-content\/uploads\/kontejner1_2.jpg","url":"https:\/\/www.dvkk.cz\/wp-content\/uploads\/kontejner1_2.jpg","height":0,"width":0},"url":"https:\/\/www.dvkk.cz\/vyuzitelne-kontejnery\/","about":["Nakupov\u00e1n\u00ed"],"wordCount":433,"articleBody":"         Zn\u00e1te skladovac\u00ed kontejner? J\u00e1 ho zn\u00e1m to moc dob\u0159e. J\u00e1 toti\u017e pracuji v pr\u00e1ci ve skladu, kde jsem se pr\u00e1v\u011b se skladovac\u00edm kontejnerem setk\u00e1vala opravdu ka\u017ed\u00fd den. Ale mus\u00edm zase na druhou stranu \u0159\u00edct, \u017ee m\u011b to opravdu bav\u00ed, nikdy nen\u00ed v pr\u00e1ci nuda. Tato pr\u00e1ce m\u011b bav\u00ed, a to taky proto, proto\u017ee tady m\u00e1me opravdu skv\u011blou partu lid\u00ed. A m\u00e1m opravdu velk\u00e9 \u0161t\u011bst\u00ed, \u017ee jsem narazila na sam\u00e9 skv\u011bl\u00e9 spoluzam\u011bstnance. Tak\u017ee jsem za to velmi r\u00e1da, \u017ee se ka\u017ed\u00e9 r\u00e1no t\u011b\u0161\u00edm do pr\u00e1ce. A abych to je\u0161t\u011b v\u00edce vyu\u017eila, tak jsem v pr\u00e1ci taky na\u0161la svou nejlep\u0161\u00ed kamar\u00e1dku.A jsem opravdu z toho nad\u0161en\u00e1. Tak\u017ee skladovac\u00ed kontejner vyu\u017e\u00edv\u00e1me v pr\u00e1ci opravdu denn\u011b a nevad\u00ed n\u00e1m to. A v\u00edte, na co ho nejv\u00edce vyu\u017e\u00edv\u00e1me? Pr\u00e1v\u011b na pou\u017eit\u00e9 oble\u010den\u00ed. Na skladovac\u00edm kontejneru neskladujeme pr\u00e1v\u011b pou\u017eit\u00e9 oble\u010den\u00ed, kter\u00e9 n\u00e1m lid\u00e9 p\u0159ivezou, kter\u00e9 ji\u017e neunos\u00ed. A oble\u010den\u00ed z skladovac\u00edch kontejner\u016f jdou pr\u00e1v\u011b d\u00e1l, nap\u0159\u00edklad t\u0159eba na charitu. Oble\u010den\u00ed jde hlavn\u011b t\u011bm lidem, kte\u0159\u00ed pot\u0159ebuj\u00ed pomoc. T\u011bm lidem, kte\u0159\u00ed nemaj\u00ed dost pen\u011bz, aby si pomohli sami. Mysl\u00edm si, \u017ee pomoc druh\u00fdm je opravdu skv\u011bl\u00e1 a pot\u0159ebn\u00e1. A n\u00e1\u0161 skladovac\u00ed kontejner udr\u017euje oble\u010den\u00ed v hygienick\u00e9 \u010distot\u011b.Tak\u017ee se na oble\u010den\u00ed v\u016fbec nedostane \u0161p\u00edna \u010di d\u00e9\u0161\u0165 nebo se n\u011bjak neponi\u010d\u00ed. Nicm\u00e9n\u011b ale skladovac\u00ed kontejner m\u00e1 opravdu vysokou po\u0159izovac\u00ed cenu. N\u00e1m to ale nevad\u00ed. My na\u0161t\u011bst\u00ed pen\u00edze m\u00e1me, ale chceme zase d\u011blat radost druh\u00fdm lidem v nouzi. Tak\u017ee na\u0161e pr\u00e1ce je prosp\u011b\u0161n\u00e1 v\u0161em, \u017ee oble\u010den\u00ed ze skladovac\u00edho kontejneru ud\u011bl\u00e1 opravdu radost ostatn\u00edm lidem. Skladovac\u00ed kontejner https:\/\/www.schoellerallibert.com\/cz\/novinky\/trhy\/skladovac-kontejnery\/ vyu\u017e\u00edv\u00e1me naplno. A co d\u011bl\u00e1te s nepot\u0159ebn\u00fdm oble\u010den\u00edm vy? Taky vyu\u017e\u00edv\u00e1te skladovac\u00ed kontejnery, kter\u00e9 jsou pak na \u00fa\u010dely charity? Mysl\u00edm, \u017ee v\u011bci na charitu jsou pot\u0159ebn\u00e9 asi v\u017edycky, I kdy\u017e jsem se taky jednou setkala s t\u00edm, \u017ee n\u011bkter\u00e9 v\u011bci na charitu u\u017e ani necht\u011bj\u00ed. To ale nem\u011bn\u00ed nic na tom, \u017ee skladovac\u00ed kontejner budu vyu\u017e\u00edvat st\u00e1le. Na \u00faschovu v\u011bc\u00ed je v\u00e1\u017en\u011b perfektn\u00ed.                                                                                                                                                                                                                                                                                                                                                                                          4\/5 - (5 votes)        "},{"@context":"https:\/\/schema.org\/","@type":"BreadcrumbList","itemListElement":[{"@type":"ListItem","position":1,"name":"Vyu\u017eiteln\u00e9 kontejnery","item":"https:\/\/www.dvkk.cz\/vyuzitelne-kontejnery\/#breadcrumbitem"}]}]