[{"@context":"https:\/\/schema.org\/","@type":"Article","@id":"https:\/\/www.dvkk.cz\/z-prazskeho-letiste-rovnou-za-nosem-s-pronajatym-vozem\/#Article","mainEntityOfPage":"https:\/\/www.dvkk.cz\/z-prazskeho-letiste-rovnou-za-nosem-s-pronajatym-vozem\/","headline":"Z pra\u017esk\u00e9ho leti\u0161t\u011b rovnou za nosem s pronajat\u00fdm vozem","name":"Z pra\u017esk\u00e9ho leti\u0161t\u011b rovnou za nosem s pronajat\u00fdm vozem","description":"Zn\u00e1te to v Praze Ruzyni, na mezin\u00e1rodn\u00edm leti\u0161ti, kter\u00e9 se dnes jmenuje Leti\u0161t\u011b V\u00e1clava Havla? Mo\u017en\u00e1, \u017ee jste tak\u00e9 na leti\u0161ti pracovali \u0159adu let a m\u00e1te za sebou mnoho z\u00e1\u017eitk\u016f z t\u011bchto m\u00edst a m\u016f\u017eete porovn\u00e1vat sou\u010dasnost s histori\u00ed leti\u0161tn\u00edch ploch \u010di budov. Je\u0161t\u011b na po\u010d\u00e1tku devades\u00e1t\u00fdch let bylo ruzy\u0148sk\u00e9 leti\u0161t\u011b pom\u011brn\u011b mal\u00e9 a dalo [&hellip;]","datePublished":"2025-01-18","dateModified":"2025-01-18","author":{"@type":"Person","@id":"https:\/\/www.dvkk.cz\/author\/#Person","name":"","url":"https:\/\/www.dvkk.cz\/author\/","identifier":1,"image":{"@type":"ImageObject","@id":"https:\/\/secure.gravatar.com\/avatar\/a1f3afbcba6a2c855138f9932fa7e5ab7d93bdcdef3da88e8b7e3a89881e43e8?s=96&d=mm&r=g","url":"https:\/\/secure.gravatar.com\/avatar\/a1f3afbcba6a2c855138f9932fa7e5ab7d93bdcdef3da88e8b7e3a89881e43e8?s=96&d=mm&r=g","height":96,"width":96}},"publisher":{"@type":"Organization","name":"dvkk.cz","logo":{"@type":"ImageObject","@id":"\/logo.png","url":"\/logo.png","width":600,"height":60}},"image":{"@type":"ImageObject","@id":"https:\/\/www.dvkk.cz\/wp-content\/uploads\/country-4741947_640.jpg","url":"https:\/\/www.dvkk.cz\/wp-content\/uploads\/country-4741947_640.jpg","height":0,"width":0},"url":"https:\/\/www.dvkk.cz\/z-prazskeho-letiste-rovnou-za-nosem-s-pronajatym-vozem\/","about":["Web"],"wordCount":419,"articleBody":"       Zn\u00e1te to v Praze Ruzyni, na mezin\u00e1rodn\u00edm leti\u0161ti, kter\u00e9 se dnes jmenuje Leti\u0161t\u011b V\u00e1clava Havla? Mo\u017en\u00e1, \u017ee jste tak\u00e9 na leti\u0161ti pracovali \u0159adu let a m\u00e1te za sebou mnoho z\u00e1\u017eitk\u016f z t\u011bchto m\u00edst a m\u016f\u017eete porovn\u00e1vat sou\u010dasnost s histori\u00ed leti\u0161tn\u00edch ploch \u010di budov. Je\u0161t\u011b na po\u010d\u00e1tku devades\u00e1t\u00fdch let bylo ruzy\u0148sk\u00e9 leti\u0161t\u011b pom\u011brn\u011b mal\u00e9 a dalo by se \u0159\u00edci, \u017ee snad i \u00fatuln\u011bj\u0161\u00ed, ne\u017e dnes, nebyl tu tak siln\u00fd letov\u00fd ani automobilov\u00fd provoz, co\u017e tak\u00e9 sni\u017eovalo hladinu stresu a zam\u011bstnanci leti\u0161t\u011b tu mnohdy za\u017e\u00edvali opravdu kr\u00e1sn\u00e9 \u010dasy. Mus\u00edme se v\u0161ak p\u0159izp\u016fsobit sou\u010dasn\u00e9 situaci a vn\u00edmat leti\u0161t\u011b alespo\u0148 trochu pozitivn\u011b, u\u017e jen z toho d\u016fvodu, \u017ee si tu m\u016f\u017eete pronajmout vozidlo z autop\u016fj\u010dovny leti\u0161t\u011b Praha a vycestovat s n\u00edm s va\u0161imi p\u0159\u00e1teli na v\u00fdlet, na dovolenou, \u010di t\u0159eba vyjet s autem s pracovn\u00edm z\u00e1m\u011brem. Poloha pra\u017esk\u00e9ho leti\u0161t\u011b je nesm\u00edrn\u011b v\u00fdhodn\u00e1, nach\u00e1z\u00ed se na n\u00e1horn\u00ed plo\u0161in\u011b nad Prahou, odkud je tak\u00e9 zaj\u00edmav\u00fd v\u00fdhled na Dolnooharskou tabuli a n\u011bkde i na \u010cesk\u00e9 st\u0159edoho\u0159\u00ed a horu \u0158\u00edp, nap\u0159\u00edklad nad Tuchom\u011b\u0159icemi nebo na d\u00e1lnici nad Bu\u0161t\u011bhradem. T\u00e9to skute\u010dnosti byste mohli vyu\u017e\u00edt k v\u00fdletu s pronajat\u00fdm vozem z leti\u0161t\u011b sm\u011brem do \u010cesk\u00e9ho st\u0159edoho\u0159\u00ed a p\u0159ipomenout si s n\u00edm nap\u0159\u00edklad kr\u00e1sn\u00fd \u010desk\u00fd film \u201eJen ho nechte, a\u0165 se boj\u00ed\u201c. Pokud pojedete po d\u00e1lnici D7 a minete okresn\u00ed m\u011bsto Louny a odbo\u010d\u00edte odtud na silnici \u010d. 28 napravo sm\u011brem na severov\u00fdchod, projedete obc\u00ed Dobrom\u011b\u0159ice a p\u0159ed v\u00e1mi se rozprost\u0159e pohled na kopec s n\u00e1zvem Ran\u00e1. Vy\u010dn\u00edv\u00e1 tu nad ter\u00e9nem velmi n\u00e1padn\u011b a pr\u00e1v\u011b tam se nat\u00e1\u010dely z\u00e1b\u011bry letu rogall ve zm\u00edn\u011bn\u00e9m filmu. Pohybuje se tu i bos\u00e1 Helena Vondr\u00e1\u010dkov\u00e1 ve svatebn\u00edch \u0161atech, kter\u00e1 chyst\u00e1 svatbu s Lu\u010fkem Sobotou. Doporu\u010dujeme v\u00e1m zhl\u00e9dnout zmi\u0148ovan\u00fd film, kter\u00fd pat\u0159\u00ed do zlat\u00e9ho fondu na\u0161\u00ed kinematografie, a z\u00e1rove\u0148 si prohl\u00e9dnout \u010cesk\u00e9 st\u0159edoho\u0159\u00ed zbl\u00edzka a t\u0159eba i vystoupat na jeho nejvy\u0161\u0161\u00ed horu \u2013 v\u011btrnou horu Mile\u0161ovku. Stoj\u00ed to za to!                                                                                                                                                                                                                                                                                                                                                                                           3.7\/5 - (6 votes)        "},{"@context":"https:\/\/schema.org\/","@type":"BreadcrumbList","itemListElement":[{"@type":"ListItem","position":1,"name":"Z pra\u017esk\u00e9ho leti\u0161t\u011b rovnou za nosem s pronajat\u00fdm vozem","item":"https:\/\/www.dvkk.cz\/z-prazskeho-letiste-rovnou-za-nosem-s-pronajatym-vozem\/#breadcrumbitem"}]}]