[{"@context":"https:\/\/schema.org\/","@type":"Article","@id":"https:\/\/www.dvkk.cz\/zaparkujete-do-kazde-mezery\/#Article","mainEntityOfPage":"https:\/\/www.dvkk.cz\/zaparkujete-do-kazde-mezery\/","headline":"Zaparkujete do ka\u017ed\u00e9 mezery","name":"Zaparkujete do ka\u017ed\u00e9 mezery","description":"Je\u0161t\u011b nem\u00e1te \u0159idi\u010dsk\u00e9 opr\u00e1vn\u011bn\u00ed a r\u00e1di byste si ho ud\u011blali? U\u017e v\u00e1s nebav\u00ed spol\u00e9hat na autobusy, \u010di vlaky? Bu\u010fte z\u00e1visl\u00ed jen sami na sob\u011b, zaje\u010fte si kam pot\u0159ebujete, my v\u00e1s \u0159\u00eddit nau\u010d\u00edme. Auto\u0161kola Brno, s n\u00e1mi to zvl\u00e1dne ka\u017ed\u00fd. Auto\u0161kola Brno m\u00e1 6 instruktor\u016f, kte\u0159\u00ed jsou zvykl\u00ed na stresov\u00e9 situace na silnici, v\u011bd\u00ed co to [&hellip;]","datePublished":"2025-01-08","dateModified":"2025-01-08","author":{"@type":"Person","@id":"https:\/\/www.dvkk.cz\/author\/#Person","name":"","url":"https:\/\/www.dvkk.cz\/author\/","identifier":1,"image":{"@type":"ImageObject","@id":"https:\/\/secure.gravatar.com\/avatar\/a1f3afbcba6a2c855138f9932fa7e5ab7d93bdcdef3da88e8b7e3a89881e43e8?s=96&d=mm&r=g","url":"https:\/\/secure.gravatar.com\/avatar\/a1f3afbcba6a2c855138f9932fa7e5ab7d93bdcdef3da88e8b7e3a89881e43e8?s=96&d=mm&r=g","height":96,"width":96}},"publisher":{"@type":"Organization","name":"dvkk.cz","logo":{"@type":"ImageObject","@id":"\/logo.png","url":"\/logo.png","width":600,"height":60}},"url":"https:\/\/www.dvkk.cz\/zaparkujete-do-kazde-mezery\/","wordCount":178,"articleBody":"Je\u0161t\u011b nem\u00e1te \u0159idi\u010dsk\u00e9 opr\u00e1vn\u011bn\u00ed a r\u00e1di byste si ho ud\u011blali? U\u017e v\u00e1s nebav\u00ed spol\u00e9hat na autobusy, \u010di vlaky? Bu\u010fte z\u00e1visl\u00ed jen sami na sob\u011b, zaje\u010fte si kam pot\u0159ebujete, my v\u00e1s \u0159\u00eddit nau\u010d\u00edme. Auto\u0161kola Brno, s n\u00e1mi to zvl\u00e1dne ka\u017ed\u00fd. Auto\u0161kola Brno m\u00e1 6 instruktor\u016f, kte\u0159\u00ed jsou zvykl\u00ed na stresov\u00e9 situace na silnici, v\u011bd\u00ed co to znamen\u00e1 za\u010d\u00ednat a proto se s nimi nemus\u00edte b\u00e1t. Samoz\u0159ejmost\u00ed je i jejich psychick\u00e1 podpora, kterou za\u010d\u00e1te\u010dn\u00edk\u016fm pom\u00e1haj\u00ed v\u0161e bez probl\u00e9m\u016f zvl\u00e1dnout. Bude z v\u00e1s klidn\u00fd a dobr\u00fd \u0159idi\u010dAuto\u0161kola Praha se soust\u0159ed\u00ed na to, aby ze sv\u00fdch \u017e\u00e1k\u016f ud\u011blala klidn\u00e9 a dobr\u00e9 \u0159idi\u010de, kte\u0159\u00ed si v ka\u017ed\u00e9 situaci zachovaj\u00ed klidnou hlavu. \u0158\u00edzen\u00ed za\u010d\u00edn\u00e1 na cvi\u010di\u0161ti, postupuje se do m\u00edrn\u00e9ho provozu a kon\u010d\u00ed v provozu hust\u00e9m. Chceme v\u00e1s t\u00edm p\u0159ipravit na v\u0161e.                                                                                                                                                                                                                                                                                                                                                                                        4\/5 - (1 vote)        "},{"@context":"https:\/\/schema.org\/","@type":"BreadcrumbList","itemListElement":[{"@type":"ListItem","position":1,"name":"Zaparkujete do ka\u017ed\u00e9 mezery","item":"https:\/\/www.dvkk.cz\/zaparkujete-do-kazde-mezery\/#breadcrumbitem"}]}]