[{"@context":"https:\/\/schema.org\/","@type":"Article","@id":"https:\/\/www.dvkk.cz\/ze-se-vam-v-kamennych-obchodech-nic-nelibilo\/#Article","mainEntityOfPage":"https:\/\/www.dvkk.cz\/ze-se-vam-v-kamennych-obchodech-nic-nelibilo\/","headline":"\u017de se v\u00e1m v kamenn\u00fdch obchodech nic nel\u00edbilo?","name":"\u017de se v\u00e1m v kamenn\u00fdch obchodech nic nel\u00edbilo?","description":"N\u011bkdy v\u00e1s zkr\u00e1tka m\u016f\u017ee velmi stresovat jenom ten pocit, \u017ee si jdete do zlatnictv\u00ed vyb\u00edrat a pakli\u017ee se v\u00e1m nic nel\u00edb\u00ed, tak trp\u00edte pocitem vinny, \u017ee jste vlastn\u011b zbyte\u010dn\u011b zdr\u017eovali a pan\u00ed prodava\u010dku otravovali! V\u017edy\u0165 na v\u00e1s byla tak laskav\u00e1 a mil\u00e1! Pr\u00e1v\u011b tyto ni\u010demn\u00e9 pocity vinny rozhodn\u011b nem\u00e1te ve chv\u00edli, kdy\u017e si prohl\u00ed\u017e\u00edte webov\u00e9 [&hellip;]","datePublished":"2024-12-31","dateModified":"2024-12-31","author":{"@type":"Person","@id":"https:\/\/www.dvkk.cz\/author\/#Person","name":"","url":"https:\/\/www.dvkk.cz\/author\/","identifier":1,"image":{"@type":"ImageObject","@id":"https:\/\/secure.gravatar.com\/avatar\/a1f3afbcba6a2c855138f9932fa7e5ab7d93bdcdef3da88e8b7e3a89881e43e8?s=96&d=mm&r=g","url":"https:\/\/secure.gravatar.com\/avatar\/a1f3afbcba6a2c855138f9932fa7e5ab7d93bdcdef3da88e8b7e3a89881e43e8?s=96&d=mm&r=g","height":96,"width":96}},"publisher":{"@type":"Organization","name":"dvkk.cz","logo":{"@type":"ImageObject","@id":"\/logo.png","url":"\/logo.png","width":600,"height":60}},"url":"https:\/\/www.dvkk.cz\/ze-se-vam-v-kamennych-obchodech-nic-nelibilo\/","wordCount":176,"articleBody":" N\u011bkdy v\u00e1s zkr\u00e1tka m\u016f\u017ee velmi stresovat jenom ten pocit, \u017ee si jdete do zlatnictv\u00ed vyb\u00edrat a pakli\u017ee se v\u00e1m nic nel\u00edb\u00ed, tak trp\u00edte pocitem vinny, \u017ee jste vlastn\u011b zbyte\u010dn\u011b zdr\u017eovali a pan\u00ed prodava\u010dku otravovali! V\u017edy\u0165 na v\u00e1s byla tak laskav\u00e1 a mil\u00e1! Pr\u00e1v\u011b tyto ni\u010demn\u00e9 pocity vinny rozhodn\u011b nem\u00e1te ve chv\u00edli, kdy\u017e si prohl\u00ed\u017e\u00edte webov\u00e9 e-shopy. Zde si celou nab\u00eddku m\u016f\u017eete prohl\u00ed\u017eet, jak dlouho chcete a nikoho t\u00edm nezdr\u017eujete ani neobt\u011b\u017eujete. Neohrnujte tedy nad e-shopy nos a pod\u00edvejte se i na ten n\u00e1\u0161! N\u00e1u\u0161nice pro d\u011bti z na\u0161eho e-shopu se budou l\u00edbit ka\u017ed\u00e9 mal\u00e9 d\u00e1m\u011b! M\u011bjte jasno M\u011bjte u\u017e kone\u010dn\u011b jasno, jak\u00fd d\u00e1rek k V\u00e1noc\u016fm vyberete! Dejte na na\u0161i radu, vyberte origin\u00e1ln\u00ed d\u011btsk\u00e9 n\u00e1u\u0161nice. Budete v\u00edce jak spokojeni, u\u017e te\u010f gratulujeme k va\u0161emu skv\u011bl\u00e9mu n\u00e1kupu.                                                                                                                                                                                                                                                                                                                                                                                        4\/5 - (1 vote)        "},{"@context":"https:\/\/schema.org\/","@type":"BreadcrumbList","itemListElement":[{"@type":"ListItem","position":1,"name":"\u017de se v\u00e1m v kamenn\u00fdch obchodech nic nel\u00edbilo?","item":"https:\/\/www.dvkk.cz\/ze-se-vam-v-kamennych-obchodech-nic-nelibilo\/#breadcrumbitem"}]}]